{"id":443879,"date":"2023-06-01T11:56:51","date_gmt":"2023-06-01T15:56:51","guid":{"rendered":"http:\/\/diariodominicano.com\/?p=443879"},"modified":"2023-06-01T11:56:51","modified_gmt":"2023-06-01T15:56:51","slug":"tras-llamado-y-busqueda-policial-se-entrega-el-pelotero-autor-principal-de-ultimar-un-joven-en-cienfuegos","status":"publish","type":"post","link":"https:\/\/diariodominicano.com\/?p=443879","title":{"rendered":"Tras llamado y b\u00fasqueda policial, se entrega \u201cEl Pelotero\u201d autor principal de ultimar un joven en Cienfuegos"},"content":{"rendered":"\n<p>diariodominicano.com<\/p>\n\n\n\n<p><strong>Santiago, R. D.,  01 de Junio del 2023.-<\/strong>\u00a0Tras constante llamado de entrega y b\u00fasqueda por agentes de la Divisi\u00f3n de Homicidios, adscritos a esta Direcci\u00f3n Regional Cibao Central, fue entregado y apresado por un di\u00e1cono y un abogado Josefrailin Alc\u00e1ntara Mart\u00ednez, alias \u201cEl Pelotero y\/o El Mayorcito\u201d, de 18 a\u00f1os, por ser autor principal de ultimar a un joven en Cienfuegos.<\/p>\n\n\n\n<p>El Pelotero era activamente buscado mediante orden de arresto No. 03821-2023, a quien se le atribuye la muerte de Darwin D\u00edaz&nbsp;&nbsp;Valerio, de 22 a\u00f1os, por presunta deuda de dinero.<\/p>\n\n\n\n<p>Se recuerda que el hecho ocurri\u00f3 el domingo 18 de Mayo, siendo reportado como desaparecido por sus familiares, quien posteriormente fue encontrado en estado de descomposici\u00f3n el pasado lunes 22, en unos matorrales&nbsp;&nbsp;ubicado en el distrito municipal de Santiago Oeste.<\/p>\n\n\n\n<p>Alc\u00e1ntara Mart\u00ednez fue arrestado por su presunta participaci\u00f3n conjuntamente con su primo Diego Anibal Rodr\u00edguez&nbsp;&nbsp;Mart\u00ednez quien guarda prisi\u00f3n por este hecho.<\/p>\n\n\n\n<p>El detenido en las pr\u00f3ximas horas ser\u00e1 puesto a disposici\u00f3n del Ministerio P\u00fablico para los fines legales procedentes.<\/p>\n\n\n\n<p>Fuente:  <strong>SUBDIRECCION DE COMUNICACIONES ESTRATEGICAS DE LA POLICIA NACIONAL, DIRECCI\u00d3N REGIONAL CIBAO CENTRAL<\/strong><\/p>\n","protected":false},"excerpt":{"rendered":"<p>diariodominicano.com Santiago, R. D., 01 de Junio del 2023.-\u00a0Tras constante llamado de entrega y b\u00fasqueda por agentes de la Divisi\u00f3n de Homicidios, adscritos a esta Direcci\u00f3n Regional Cibao Central, fue entregado y apresado por un di\u00e1cono y un abogado Josefrailin Alc\u00e1ntara Mart\u00ednez, alias \u201cEl Pelotero y\/o El Mayorcito\u201d, de 18 a\u00f1os, por ser autor principal [&hellip;]<\/p>\n","protected":false},"author":5,"featured_media":390452,"comment_status":"closed","ping_status":"","sticky":true,"template":"","format":"standard","meta":{"footnotes":""},"categories":[29,27],"tags":[],"class_list":["post-443879","post","type-post","status-publish","format-standard","has-post-thumbnail","hentry","category-policiasucesos","category-portada"],"_links":{"self":[{"href":"https:\/\/diariodominicano.com\/index.php?rest_route=\/wp\/v2\/posts\/443879","targetHints":{"allow":["GET"]}}],"collection":[{"href":"https:\/\/diariodominicano.com\/index.php?rest_route=\/wp\/v2\/posts"}],"about":[{"href":"https:\/\/diariodominicano.com\/index.php?rest_route=\/wp\/v2\/types\/post"}],"author":[{"embeddable":true,"href":"https:\/\/diariodominicano.com\/index.php?rest_route=\/wp\/v2\/users\/5"}],"replies":[{"embeddable":true,"href":"https:\/\/diariodominicano.com\/index.php?rest_route=%2Fwp%2Fv2%2Fcomments&post=443879"}],"version-history":[{"count":1,"href":"https:\/\/diariodominicano.com\/index.php?rest_route=\/wp\/v2\/posts\/443879\/revisions"}],"predecessor-version":[{"id":443880,"href":"https:\/\/diariodominicano.com\/index.php?rest_route=\/wp\/v2\/posts\/443879\/revisions\/443880"}],"wp:featuredmedia":[{"embeddable":true,"href":"https:\/\/diariodominicano.com\/index.php?rest_route=\/wp\/v2\/media\/390452"}],"wp:attachment":[{"href":"https:\/\/diariodominicano.com\/index.php?rest_route=%2Fwp%2Fv2%2Fmedia&parent=443879"}],"wp:term":[{"taxonomy":"category","embeddable":true,"href":"https:\/\/diariodominicano.com\/index.php?rest_route=%2Fwp%2Fv2%2Fcategories&post=443879"},{"taxonomy":"post_tag","embeddable":true,"href":"https:\/\/diariodominicano.com\/index.php?rest_route=%2Fwp%2Fv2%2Ftags&post=443879"}],"curies":[{"name":"wp","href":"https:\/\/api.w.org\/{rel}","templated":true}]}}