{"id":44381,"date":"2020-09-17T00:10:39","date_gmt":"2020-09-17T00:10:39","guid":{"rendered":"http:\/\/diariodominicano.ddns.net\/?p=44381"},"modified":"2020-09-17T00:10:39","modified_gmt":"2020-09-17T00:10:39","slug":"en-linea-con-la-agenda-2030","status":"publish","type":"post","link":"https:\/\/diariodominicano.com\/?p=44381","title":{"rendered":"&#13;EN L\u00cdNEA CON LA AGENDA 2030"},"content":{"rendered":"<p><body><\/p>\n<p>ALGO M\u00c1S QUE PALABRAS<\/p>\n<\/p>\n<p>EN L\u00cdNEA CON LA AGENDA 2030<\/p>\n<p>\u00abMe niego a que nos contin\u00fae gobernando la dictadura de las finanzas\u00bb <\/p>\n<\/p>\n<p>=============================<\/p>\n<p>V\u00edctor CORCOBA HERRERO\/ Escritor<\/p>\n<p>corcoba@telefonica.net\t<\/p>\n<p>============================= <\/p>\n<\/p>\n<p>\tEstamos en la d\u00e9cada de la acci\u00f3n. Setenta y cinco a\u00f1os despu\u00e9s de la derrota nazi, la paz y la unidad son m\u00e1s ineludibles que nunca. Para empezar, considero que no hay otro deber m\u00e1s importante que tener el valor de ver nuestras propias tinieblas para que, en l\u00ednea con la agenda 2030, propiciemos el cambio, empezando por reconstruir con m\u00e1s equidad nuestra actividad econ\u00f3mica. Por cierto, hace tiempo que dicha organizaci\u00f3n enferm\u00f3, hasta dejarnos sin coraz\u00f3n alguno. Ese calor humano interesado, no entiende de abrazos ni de compartir nada, tampoco cotiza como es natural en alma humana, debido al gran numero de necesitados. Cada d\u00eda proliferan m\u00e1s las pol\u00edticas inhumanas, dispuestas a hacer m\u00e1s ricos a los que m\u00e1s tienen y m\u00e1s empobrecidos a los pobres. Desde luego, esta atm\u00f3sfera v\u00edrica de desigualdades no puede ganarnos la batalla, pedimos trabajar todos unidos, por un crecimiento econ\u00f3mico m\u00e1s justo, que considere en todo momento los valores humanos fundamentales, pues si vital es saber gastar, a\u00fan mejor es, no pecar de ignorancia, y ofrecer cruciales ocasiones de prosperidad compartida. <\/p>\n<p>Con todo este esp\u00edritu confuso, reconozco que me desagrada observar la ausencia de ejercicio colectivo. En este sentido, hay una pasividad manifiesta que nos deshumaniza. Ciertamente, contamos con una degradaci\u00f3n humana obsesiva, de no ver m\u00e1s all\u00e1 del poder y de la posesi\u00f3n. Algo que nos deja sin legitimidad alguna; y, lo que es peor a\u00fan, nos insensibiliza por completo, convirti\u00e9ndonos en una especie feroz, ego\u00edsta al m\u00e1ximo, calculadora y dominante. Por otra parte, hemos de admitir que nos falta entusiasmo para poder activar ese bien colectivo, del que todos hablan, pero que muy pocos cultivan con honestidad y honradez. Comencemos por achicar nuestras propias miserias humanas, de forma que a ninguno le falte lo esencial para poder vivir, entonces verdaderamente injertaremos esperanza en el mundo, tan perdida en el tiempo actual, y podremos regenerar un orbe, con m\u00e1s poes\u00eda que poder, con m\u00e1s ternura que pedradas entre similares. Por tanto, me niego a que nos contin\u00fae gobernando la dictadura de las finanzas, pues la tutela del dios dinero, no es clemente jam\u00e1s, a no ser que se propaguen los recursos entre toda la humanidad, sin marginar a nadie.<\/p>\n<p>Personalmente, a mi me resulta muy dif\u00edcil cerrar mis labios cuando he abierto el alma como el olmo al celeste cielo. Veo que tenemos que reconciliarnos con el esp\u00edritu de la bondad, y practicar la virtud de donarse sin venderse. No pongamos precio a vida humana. Quitemos el derroche de nuestro diario de vida. Proporcionemos alientos de amor y verdad, principalmente en los aspectos relacionados con la educaci\u00f3n, la salud y la buena gobernanza. No vayamos a hacer carrera sanguinaria. Sin duda, todos podremos hacer m\u00e1s y mejor, comenzando por proteger lo m\u00e1s inmediato a nosotros, nuestro propio entorno. Las sociedades cohesionadas son las que verdaderamente avanzan. Necesitamos prepararnos en la b\u00fasqueda de otros horizontes m\u00e1s sensibles con el ser humano. Generemos inmunidad interior. Comencemos por romper tantas cadenas impuestas, estimulando la producci\u00f3n solidaria del acompa\u00f1amiento, sobre todo en relaci\u00f3n con los m\u00e1s vulnerables.<\/p>\n<p>Dejarse acompa\u00f1ar es hacer familia, construir esa unidad arm\u00f3nica para poder emprender acciones efectivas universales, nos ayudar\u00e1 a salir de cualquier falsedad, pues la mejor luz es un coraz\u00f3n entregado a ser aut\u00e9ntico apoyo. Lo cardinal es no tener miedo a transitar en el abrazo permanente, entre s\u00ed y con la creaci\u00f3n, que es la que verdaderamente nos ilumina a pensar, a sentir y a hacer. Por eso, hemos de trabajar con la sabidur\u00eda de quien porta unos labios tiernos, de quien acaricia con la mirada, y muestra el sentido de pertenencia. Todos nos pertenecemos, con nuestras ra\u00edces y  nuestras ramas diversas. Esto es lo que nos hace \u00fanicos y grandes.  Dejemos de enga\u00f1arnos, y no lo digo solo como una filosof\u00eda de vida, sino tambi\u00e9n como una est\u00e9tica de comportamiento fiel a uno mismo.<\/p>\n<p>Los sembradores del terror, que los hay y muchos por todo el planeta, intentan, no obstante, mancharnos de miedo, incertidumbre y divisi\u00f3n en la sociedad, todo lo contrario para ganar sosiego frente a los numerosos desaf\u00edos que nos sobrecogen. De ah\u00ed, lo fundamental que es poner en el centro a las personas, respetar sus rastros y ver sus rostros. Al fin y al cabo, todos estamos vinculados. Esto deber\u00edamos entenderlo y extenderlo. Posiblemente, a la saz\u00f3n, habr\u00eda m\u00e1s luz para todos. Por lo pronto, me niego a aceptar que aquel que busca la esperanza cruzando el mar muera sin recibir auxilio alguno. Seguramente el Mediterr\u00e1neo sea uno de los mayores cementerios. Tambi\u00e9n me castigo a m\u00ed mismo, junto al que busca realizarse con un trabajo decente y no lo encuentra, hallando la exclusi\u00f3n permanente. Somos as\u00ed de piedras. O el activo de esas personas mayores a las que se les recluye, impidi\u00e9ndoles vivir din\u00e1micos. Ojal\u00e1 rectifiquemos y rehagamos ilusiones. Rompamos muros y juntemos hombros. Eliminemos necedades y salvajismos. Abramos puertas y abrac\u00e9monos. Que lo significativo es hacer comunidad y darnos vida unos a otros.  De ning\u00fan modo, muerte.<\/p>\n<\/p>\n<p> V\u00edctor CORCOBA HERRERO \/ Escritor<\/p>\n<p>corcoba@telefonica.net<\/p>\n<p>16 de septiembre de 2020<\/p>\n<h6> 2020-09-17 00:10:39 <\/h6>\n<p><!--\n<link rel=\"stylesheet\" href=\"css\/bootstrap.min.css\">\n\n\n<ul class=\"pagination\">\n\t    \n\t\n\n<li >\n\t<a href='?page_no=71'>Previous<\/a>\n\t<\/li>\n\n\n       \n    \n\n<li><a href='?page_no=1'>1<\/a><\/li>\n\n\n\n<li><a href='?page_no=2'>2<\/a><\/li>\n\n\n\n<li><a>...<\/a><\/li>\n\n\n\n<li><a href='?page_no=70'>70<\/a><\/li>\n\n\n\n<li><a href='?page_no=71'>71<\/a><\/li>\n\n\n\n<li class='active'><a>72<\/a><\/li>\n\n\n\n<li><a href='?page_no=73'>73<\/a><\/li>\n\n\n\n<li><a href='?page_no=74'>74<\/a><\/li>\n\n\n\n<li><a>...<\/a><\/li>\n\n\n\n<li><a href='?page_no=13611'>13611<\/a><\/li>\n\n\n\n<li><a href='?page_no=13612'>13612<\/a><\/li>\n\n    \n\t\n\n<li >\n\t<a href='?page_no=73'>Next<\/a>\n\t<\/li>\n\n\n    \n\n<li><a href='?page_no=13612'>Last &rsaquo;&rsaquo;<\/a><\/li>\n\n<\/ul>\n\n\n--><br \/>\n<\/body><\/p>\n","protected":false},"excerpt":{"rendered":"<p>ALGO M\u00c1S QUE PALABRAS EN L\u00cdNEA CON LA AGENDA 2030 \u00abMe niego a que nos contin\u00fae gobernando la dictadura de las finanzas\u00bb ============================= V\u00edctor CORCOBA HERRERO\/ Escritor corcoba@telefonica.net ============================= Estamos en la d\u00e9cada de la acci\u00f3n. Setenta y cinco a\u00f1os despu\u00e9s de la derrota nazi, la paz y la unidad son m\u00e1s ineludibles que nunca. [&hellip;]<\/p>\n","protected":false},"author":3,"featured_media":0,"comment_status":"open","ping_status":"open","sticky":false,"template":"","format":"standard","meta":{"footnotes":""},"categories":[16],"tags":[],"class_list":["post-44381","post","type-post","status-publish","format-standard","hentry","category-opiniones"],"_links":{"self":[{"href":"https:\/\/diariodominicano.com\/index.php?rest_route=\/wp\/v2\/posts\/44381","targetHints":{"allow":["GET"]}}],"collection":[{"href":"https:\/\/diariodominicano.com\/index.php?rest_route=\/wp\/v2\/posts"}],"about":[{"href":"https:\/\/diariodominicano.com\/index.php?rest_route=\/wp\/v2\/types\/post"}],"author":[{"embeddable":true,"href":"https:\/\/diariodominicano.com\/index.php?rest_route=\/wp\/v2\/users\/3"}],"replies":[{"embeddable":true,"href":"https:\/\/diariodominicano.com\/index.php?rest_route=%2Fwp%2Fv2%2Fcomments&post=44381"}],"version-history":[{"count":0,"href":"https:\/\/diariodominicano.com\/index.php?rest_route=\/wp\/v2\/posts\/44381\/revisions"}],"wp:attachment":[{"href":"https:\/\/diariodominicano.com\/index.php?rest_route=%2Fwp%2Fv2%2Fmedia&parent=44381"}],"wp:term":[{"taxonomy":"category","embeddable":true,"href":"https:\/\/diariodominicano.com\/index.php?rest_route=%2Fwp%2Fv2%2Fcategories&post=44381"},{"taxonomy":"post_tag","embeddable":true,"href":"https:\/\/diariodominicano.com\/index.php?rest_route=%2Fwp%2Fv2%2Ftags&post=44381"}],"curies":[{"name":"wp","href":"https:\/\/api.w.org\/{rel}","templated":true}]}}