{"id":443674,"date":"2023-05-31T12:08:26","date_gmt":"2023-05-31T16:08:26","guid":{"rendered":"http:\/\/diariodominicano.com\/?p=443674"},"modified":"2023-05-31T12:08:26","modified_gmt":"2023-05-31T16:08:26","slug":"policia-nacional-captura-hombre-por-homicidio-de-otro-en-navarrete-el-pasado-ano","status":"publish","type":"post","link":"https:\/\/diariodominicano.com\/?p=443674","title":{"rendered":"Polic\u00eda Nacional captura hombre por homicidio de otro en Navarrete el pasado a\u00f1o"},"content":{"rendered":"\n<p>diariodominicano.com<\/p>\n\n\n\n<p><strong>Santiago, R. D., \u00a0\u00a031 de Mayo 2023.-<\/strong>\u00a0Fue capturado por agentes policiales, adscritos al municipio de Navarrete de\u00a0\u00a0esta ciudad, un hombre\u00a0\u00a0mediante orden de arresto, por el homicidio de otro en un hecho ocurrido el pasado 04 de noviembre del 2022, motivado a viejas rencillas por la venta y distribuci\u00f3n de sustancias controladas.<\/p>\n\n\n\n<p>El prevenido es Luis Alberto Marrero, alias&nbsp;&nbsp;Luigi, de 21 a\u00f1os de edad, quien fue arrestado mediante la orden judicial No. 09471-2022, tras ser se\u00f1alado como uno de los autores de haber ultimado al hoy occiso Luis Antonio Reyes Molina, apodado El Pato, tras recibir m\u00faltiples disparos, en distintas partes del cuerpo.<\/p>\n\n\n\n<p>La Polic\u00eda precis\u00f3 que Alberto Marrero, cometi\u00f3 el hecho junto a unos tales, Naldo, El Menor,&nbsp;&nbsp;y Gerald, pr\u00f3fugos, as\u00ed como tambi\u00e9n Omar Marte quien ya fue sometido por este crimen, mientras que se persiguen los dem\u00e1s implicados para apresarlos y someterlos a la justicia.<\/p>\n\n\n\n<p>En cuanto al detenido se encuentra bajo custodia policial, quien en las pr\u00f3ximas horas ser\u00e1 puesto a disposici\u00f3n de la justicia para los fines legales correspondientes.<\/p>\n\n\n\n<p>Fuente: <strong>SUBDIRECCION DE COMUNICACIONES ESTRATEGICAS DE LA POLICIA NACIONAL, DIRECCI\u00d3N REGIONAL CIBAO CENTRAL.<\/strong><\/p>\n","protected":false},"excerpt":{"rendered":"<p>diariodominicano.com Santiago, R. D., \u00a0\u00a031 de Mayo 2023.-\u00a0Fue capturado por agentes policiales, adscritos al municipio de Navarrete de\u00a0\u00a0esta ciudad, un hombre\u00a0\u00a0mediante orden de arresto, por el homicidio de otro en un hecho ocurrido el pasado 04 de noviembre del 2022, motivado a viejas rencillas por la venta y distribuci\u00f3n de sustancias controladas. El prevenido es [&hellip;]<\/p>\n","protected":false},"author":5,"featured_media":408509,"comment_status":"closed","ping_status":"","sticky":true,"template":"","format":"standard","meta":{"footnotes":""},"categories":[29,27],"tags":[],"class_list":["post-443674","post","type-post","status-publish","format-standard","has-post-thumbnail","hentry","category-policiasucesos","category-portada"],"_links":{"self":[{"href":"https:\/\/diariodominicano.com\/index.php?rest_route=\/wp\/v2\/posts\/443674","targetHints":{"allow":["GET"]}}],"collection":[{"href":"https:\/\/diariodominicano.com\/index.php?rest_route=\/wp\/v2\/posts"}],"about":[{"href":"https:\/\/diariodominicano.com\/index.php?rest_route=\/wp\/v2\/types\/post"}],"author":[{"embeddable":true,"href":"https:\/\/diariodominicano.com\/index.php?rest_route=\/wp\/v2\/users\/5"}],"replies":[{"embeddable":true,"href":"https:\/\/diariodominicano.com\/index.php?rest_route=%2Fwp%2Fv2%2Fcomments&post=443674"}],"version-history":[{"count":1,"href":"https:\/\/diariodominicano.com\/index.php?rest_route=\/wp\/v2\/posts\/443674\/revisions"}],"predecessor-version":[{"id":443675,"href":"https:\/\/diariodominicano.com\/index.php?rest_route=\/wp\/v2\/posts\/443674\/revisions\/443675"}],"wp:featuredmedia":[{"embeddable":true,"href":"https:\/\/diariodominicano.com\/index.php?rest_route=\/wp\/v2\/media\/408509"}],"wp:attachment":[{"href":"https:\/\/diariodominicano.com\/index.php?rest_route=%2Fwp%2Fv2%2Fmedia&parent=443674"}],"wp:term":[{"taxonomy":"category","embeddable":true,"href":"https:\/\/diariodominicano.com\/index.php?rest_route=%2Fwp%2Fv2%2Fcategories&post=443674"},{"taxonomy":"post_tag","embeddable":true,"href":"https:\/\/diariodominicano.com\/index.php?rest_route=%2Fwp%2Fv2%2Ftags&post=443674"}],"curies":[{"name":"wp","href":"https:\/\/api.w.org\/{rel}","templated":true}]}}