{"id":44359,"date":"2019-04-30T19:02:44","date_gmt":"2019-04-30T19:02:44","guid":{"rendered":"http:\/\/diariodominicano.ddns.net\/?p=44359"},"modified":"2019-04-30T19:02:44","modified_gmt":"2019-04-30T19:02:44","slug":"metas-trazadas-a-rd-por-el-derecho-al-trabajo","status":"publish","type":"post","link":"https:\/\/diariodominicano.com\/?p=44359","title":{"rendered":"Metas trazadas a RD por el derecho al trabajo"},"content":{"rendered":"<p><body><\/p>\n<p><img decoding=\"async\" src=\"img3\/Ysocrates.jpg\" \/>  <\/p>\n<\/p>\n<p><strong>Por: Dr. Ys\u00f3crates Andr\u00e9s Pe\u00f1a Reyes<\/strong><\/p>\n<\/p>\n<p>Las estrategias globales del Consejo Regional de Desarrollo, Inc. (CRD)  en torno a una id\u00f3nea sustentaci\u00f3n de la satisfacci\u00f3n de las necesidades b\u00e1sicas y un desarrollo integral en la poblaci\u00f3n nacional, gu\u00edan en la actualidad y hacia el futuro a todos los sectores pol\u00edticos y sociales, asumir como columna indispensable,  lineamientos que engendren acciones que ciertamente eliminen los obst\u00e1culos que bloquean la solidificaci\u00f3n del derecho al trabajo en Rep\u00fablica Dominicana.<\/p>\n<\/p>\n<\/p>\n<p>Tareas las cuales vislumbra su relevancia,  al entender que nuestra naci\u00f3n le urge requerir mejores horizontes a este derecho, teniendo de enlace una unificaci\u00f3n coherente de sus diferentes liderazgos, para as\u00ed contrarrestar los da\u00f1os que a \u00e9ste le ha causado el atraso socioecon\u00f3mico engendrado por  la centralizaci\u00f3n, el egocentrismo y la incorrecta planificaci\u00f3n de las diferentes facetas del bienestar colectivo y  el personal.<\/p>\n<\/p>\n<p><strong>Marco que propone:<\/strong><\/p>\n<\/p>\n<\/p>\n<p>En la conjunci\u00f3n de esfuerzos y voluntades que traza, concibe como marco, que todas nuestras instituciones deben jugar un papel de suma relevancia en su implementaci\u00f3n, teniendo por referencia, que s\u00ed bien es cierto que nuestras entidades pol\u00edticas se muestran fr\u00e1giles en sus cometidos y existencia, tambi\u00e9n de esta problem\u00e1tica, no escapan las entidades que conforman la llamada sociedad civil, al  ellas evidenciar en sus principal\u00edsimos roles, carecer  de s\u00f3lidas estructuras y de una eficiente preparaci\u00f3n de sus recursos humanos.<\/p>\n<\/p>\n<\/p>\n<p>Metas que convoca lograrlas, para transformar el derecho al trabajo en algo serio y posible para las presentes y futuras generaciones, como tambi\u00e9n, para facilitar a  cada integrante de nuestras  familias de  entornos facilitadores de una firme fe y esperanza,  en procura  de la real concretizaci\u00f3n de sus anhelos y aspiraciones humanas.<\/p>\n<\/p>\n<\/p>\n<p>Objetivos los cuales estima su viabilidad, teniendo de palanca para su adecuada motorizaci\u00f3n, las estrategias elaboradas por su direcci\u00f3n t\u00e9cnica, entendiendo, que corresponde a la sociedad en su conjunto, procurar  alternativas y ejecutorias que conduzcan a nuestro pa\u00eds, obtener una mejor ruta en el desarrollo socioecon\u00f3mico,  que contribuya a la eliminaci\u00f3n de los altos grados de falta de empleos en los j\u00f3venes y adultos, as\u00ed como tambi\u00e9n, los perjudiciales males que estos causan a nuestras comunidades.<\/p>\n<\/p>\n<\/p>\n<p>Dada la raz\u00f3n de ser de su propuesta, el Consejo Regional de Desarrollo, Inc. (CRD)  llama  a todos los integrantes de la sociedad dominicana, a  que caminemos y aprendamos juntos, adem\u00e1s,  aceptemos sin excusas los errores del presente y el pasado,  para darle una ruta de mejor luz al derecho al trabajo, como factor canalizador, dignificador y reivindicador del progreso social.<\/p>\n<\/p>\n<p><strong>El autor es:<\/strong><\/p>\n<\/p>\n<\/p>\n<p><strong>Dr. Ys\u00f2crates Andr\u00e9s  Pe\u00f1a Reyes,  Director General del Consejo Regional de Desarrollo, Inc. (CRD), Abogado y Polit\u00f3logo, Tel. 809-244-5496. Correo: crdnordeste@yahoo.es.- San Francisco de Macor\u00eds, RD.<\/strong><\/p>\n<h6> 2019-04-30 19:02:44 <\/h6>\n<p><!--\n<link rel=\"stylesheet\" href=\"css\/bootstrap.min.css\">\n\n\n<ul class=\"pagination\">\n\t    \n\t\n\n<li >\n\t<a href='?page_no=717'>Previous<\/a>\n\t<\/li>\n\n\n       \n    \n\n<li><a href='?page_no=1'>1<\/a><\/li>\n\n\n\n<li><a href='?page_no=2'>2<\/a><\/li>\n\n\n\n<li><a>...<\/a><\/li>\n\n\n\n<li><a href='?page_no=716'>716<\/a><\/li>\n\n\n\n<li><a href='?page_no=717'>717<\/a><\/li>\n\n\n\n<li class='active'><a>718<\/a><\/li>\n\n\n\n<li><a href='?page_no=719'>719<\/a><\/li>\n\n\n\n<li><a href='?page_no=720'>720<\/a><\/li>\n\n\n\n<li><a>...<\/a><\/li>\n\n\n\n<li><a href='?page_no=13611'>13611<\/a><\/li>\n\n\n\n<li><a href='?page_no=13612'>13612<\/a><\/li>\n\n    \n\t\n\n<li >\n\t<a href='?page_no=719'>Next<\/a>\n\t<\/li>\n\n\n    \n\n<li><a href='?page_no=13612'>Last &rsaquo;&rsaquo;<\/a><\/li>\n\n<\/ul>\n\n\n--><br \/>\n<\/body><\/p>\n","protected":false},"excerpt":{"rendered":"<p>Por: Dr. Ys\u00f3crates Andr\u00e9s Pe\u00f1a Reyes Las estrategias globales del Consejo Regional de Desarrollo, Inc. (CRD) en torno a una id\u00f3nea sustentaci\u00f3n de la satisfacci\u00f3n de las necesidades b\u00e1sicas y un desarrollo integral en la poblaci\u00f3n nacional, gu\u00edan en la actualidad y hacia el futuro a todos los sectores pol\u00edticos y sociales, asumir como columna [&hellip;]<\/p>\n","protected":false},"author":3,"featured_media":0,"comment_status":"open","ping_status":"open","sticky":false,"template":"","format":"standard","meta":{"footnotes":""},"categories":[16],"tags":[],"class_list":["post-44359","post","type-post","status-publish","format-standard","hentry","category-opiniones"],"_links":{"self":[{"href":"https:\/\/diariodominicano.com\/index.php?rest_route=\/wp\/v2\/posts\/44359","targetHints":{"allow":["GET"]}}],"collection":[{"href":"https:\/\/diariodominicano.com\/index.php?rest_route=\/wp\/v2\/posts"}],"about":[{"href":"https:\/\/diariodominicano.com\/index.php?rest_route=\/wp\/v2\/types\/post"}],"author":[{"embeddable":true,"href":"https:\/\/diariodominicano.com\/index.php?rest_route=\/wp\/v2\/users\/3"}],"replies":[{"embeddable":true,"href":"https:\/\/diariodominicano.com\/index.php?rest_route=%2Fwp%2Fv2%2Fcomments&post=44359"}],"version-history":[{"count":0,"href":"https:\/\/diariodominicano.com\/index.php?rest_route=\/wp\/v2\/posts\/44359\/revisions"}],"wp:attachment":[{"href":"https:\/\/diariodominicano.com\/index.php?rest_route=%2Fwp%2Fv2%2Fmedia&parent=44359"}],"wp:term":[{"taxonomy":"category","embeddable":true,"href":"https:\/\/diariodominicano.com\/index.php?rest_route=%2Fwp%2Fv2%2Fcategories&post=44359"},{"taxonomy":"post_tag","embeddable":true,"href":"https:\/\/diariodominicano.com\/index.php?rest_route=%2Fwp%2Fv2%2Ftags&post=44359"}],"curies":[{"name":"wp","href":"https:\/\/api.w.org\/{rel}","templated":true}]}}