{"id":443553,"date":"2023-05-30T20:03:11","date_gmt":"2023-05-31T00:03:11","guid":{"rendered":"http:\/\/diariodominicano.com\/?p=443553"},"modified":"2023-05-30T20:03:11","modified_gmt":"2023-05-31T00:03:11","slug":"la-fiscalia-de-duarte-logra-dos-condenas-de-20-anos-contra-dos-hombres-por-agresion-sexual-contra-menores-de-edad","status":"publish","type":"post","link":"https:\/\/diariodominicano.com\/?p=443553","title":{"rendered":"La Fiscal\u00eda de Duarte logra dos condenas de 20 a\u00f1os contra dos hombres por agresi\u00f3n sexual contra menores de edad"},"content":{"rendered":"\n<p><strong>DUARTE, Rep\u00fablica Dominicana.-<\/strong>\u00a0El Ministerio P\u00fablico de  la provincia Duarte obtuvo dos condenas de 20 a\u00f1os de prisi\u00f3n en contra de dos hombres que agredieron sexualmente a dos menores de edad.<\/p>\n\n\n\n<p>El Primer Tribunal Colegiado de este distrito judicial, orden\u00f3 las sentencias en contra de Francis Alberto Pe\u00f1a y Bladimir Hern\u00e1ndez Gil, luego de que el Ministerio P\u00fablico, representado por el fiscal Kelvin Pimentel, demostr\u00f3 la culpabilidad de ambos hombres en los hechos cometidos en contra de las menores de edad, de quienes se omite el nombre para cuidar de sus derechos.<\/p>\n\n\n\n<p>Ambos expedientes relatan que los imputados Francis Alberto Pe\u00f1a y Bladimir Hern\u00e1ndez Gil agredieron sexualmente a las menores de edad, ocasion\u00e1ndole no solo la agresi\u00f3n sexual sino da\u00f1os psicol\u00f3gicos graves a sus v\u00edctimas.<\/p>\n\n\n\n<p>Las acciones antes se\u00f1aladas constituyen una falta a los art\u00edculos 331, 332-1 y 332-2 del C\u00f3digo Penal Dominicano, que castiga la violaci\u00f3n sexual, el abuso sexual y psicol\u00f3gico, modificado por la Ley 24\/97 y articulo 396 Letras B y C de la Ley 136-03, para la Protecci\u00f3n de Ni\u00f1os, Ni\u00f1as y Adolescentes.<\/p>\n\n\n\n<p>Ambos procesados cumplir\u00e1n la sentencia en el Centro de Correcci\u00f3n y Rehabilitaci\u00f3n Vista al Valle, en San Francisco de Macor\u00eds.<\/p>\n\n\n\n<p><strong>Direcci\u00f3n General de Comunicaci\u00f3n, Prensa, y RRPP<\/strong><\/p>\n\n\n\n<p>Ministerio P\u00fablico.&nbsp;R.D.<\/p>\n\n\n\n<p>Martes, 30 de mayo de 2023<\/p>\n","protected":false},"excerpt":{"rendered":"<p>DUARTE, Rep\u00fablica Dominicana.-\u00a0El Ministerio P\u00fablico de la provincia Duarte obtuvo dos condenas de 20 a\u00f1os de prisi\u00f3n en contra de dos hombres que agredieron sexualmente a dos menores de edad. El Primer Tribunal Colegiado de este distrito judicial, orden\u00f3 las sentencias en contra de Francis Alberto Pe\u00f1a y Bladimir Hern\u00e1ndez Gil, luego de que el [&hellip;]<\/p>\n","protected":false},"author":28,"featured_media":292167,"comment_status":"closed","ping_status":"","sticky":false,"template":"","format":"standard","meta":{"footnotes":""},"categories":[24,29],"tags":[],"class_list":["post-443553","post","type-post","status-publish","format-standard","has-post-thumbnail","hentry","category-justicia-y-derecho","category-policiasucesos"],"_links":{"self":[{"href":"https:\/\/diariodominicano.com\/index.php?rest_route=\/wp\/v2\/posts\/443553","targetHints":{"allow":["GET"]}}],"collection":[{"href":"https:\/\/diariodominicano.com\/index.php?rest_route=\/wp\/v2\/posts"}],"about":[{"href":"https:\/\/diariodominicano.com\/index.php?rest_route=\/wp\/v2\/types\/post"}],"author":[{"embeddable":true,"href":"https:\/\/diariodominicano.com\/index.php?rest_route=\/wp\/v2\/users\/28"}],"replies":[{"embeddable":true,"href":"https:\/\/diariodominicano.com\/index.php?rest_route=%2Fwp%2Fv2%2Fcomments&post=443553"}],"version-history":[{"count":1,"href":"https:\/\/diariodominicano.com\/index.php?rest_route=\/wp\/v2\/posts\/443553\/revisions"}],"predecessor-version":[{"id":443554,"href":"https:\/\/diariodominicano.com\/index.php?rest_route=\/wp\/v2\/posts\/443553\/revisions\/443554"}],"wp:featuredmedia":[{"embeddable":true,"href":"https:\/\/diariodominicano.com\/index.php?rest_route=\/wp\/v2\/media\/292167"}],"wp:attachment":[{"href":"https:\/\/diariodominicano.com\/index.php?rest_route=%2Fwp%2Fv2%2Fmedia&parent=443553"}],"wp:term":[{"taxonomy":"category","embeddable":true,"href":"https:\/\/diariodominicano.com\/index.php?rest_route=%2Fwp%2Fv2%2Fcategories&post=443553"},{"taxonomy":"post_tag","embeddable":true,"href":"https:\/\/diariodominicano.com\/index.php?rest_route=%2Fwp%2Fv2%2Ftags&post=443553"}],"curies":[{"name":"wp","href":"https:\/\/api.w.org\/{rel}","templated":true}]}}