{"id":443488,"date":"2023-05-30T18:46:05","date_gmt":"2023-05-30T22:46:05","guid":{"rendered":"http:\/\/diariodominicano.com\/?p=443488"},"modified":"2023-05-30T18:46:05","modified_gmt":"2023-05-30T22:46:05","slug":"condenado-a-15-anos-de-prision-un-hombre-que-intento-matar-a-su-expareja-en-los-minas","status":"publish","type":"post","link":"https:\/\/diariodominicano.com\/?p=443488","title":{"rendered":"Condenado a 15 a\u00f1os de prisi\u00f3n un hombre que intent\u00f3 matar a su expareja en Los Minas"},"content":{"rendered":"\n<p><\/p>\n\n\n\n<p>SANTO DOMINGO ESTE, Rep\u00fablica Dominicana.- La Fiscal\u00eda de Santo Domingo Este y Norte obtuvo una condena de 15 a\u00f1os de prisi\u00f3n en contra de un hombre que intent\u00f3 matar a su expareja y luego intent\u00f3 quitarse la vida al lanzarse desde el techo de una vivienda, en un hecho ocurrido en el a\u00f1o 2020, en el sector Los Minas Viejo, en Santo Domingo Este.<\/p>\n\n\n\n<p>El Quinto Tribunal Colegiado de esa jurisdicci\u00f3n, integrado por los jueces Julio Aybar Ortiz (presidente), Laisa Matos Dur\u00e1n y Nelcy Xiomara Ortega, dict\u00f3 la sentencia en contra de Eduardo Terrero Encarnaci\u00f3n, quien fue encontrado culpable de herir con un arma blanca a su expareja, cuyo nombre se omite para proteger su derecho a la intimidad.<\/p>\n\n\n\n<p>Terrero Encarnaci\u00f3n cumplir\u00e1 la sentencia condenatoria en la Penitenciar\u00eda Nacional de La Victoria., por disposici\u00f3n del tribunal.<\/p>\n\n\n\n<p>El expediente instrumentado por la fiscal investigadora Julissa Hern\u00e1ndez establece que el hecho ocurri\u00f3 en fecha 17 de octubre de 2020. Detalla que la agraviada denunci\u00f3 al siguiente d\u00eda que su expareja intent\u00f3 matarla en frente de su hijo menor de edad, debido a que ella se negaba a que se reconciliaran.&nbsp;<\/p>\n\n\n\n<p>Relata que el hoy condenado esper\u00f3 que la mujer se encontrara sola en su vivienda para atacarla. Se\u00f1ala que mientras la v\u00edctima ve\u00eda la televisi\u00f3n junto a un hijo, el hoy condenado le infiri\u00f3 una estocada que le perfor\u00f3 el pulm\u00f3n, adem\u00e1s de que le propin\u00f3 una golpiza.&nbsp; Mientras la mujer gritaba y ped\u00eda ayuda, fue socorrida por una vecina.<\/p>\n\n\n\n<p>Producto de la agresi\u00f3n la v\u00edctima se mantuvo interna en cuidados intensivos durante seis d\u00edas.&nbsp;&nbsp;<\/p>\n\n\n\n<p>La investigaci\u00f3n revela, que, luego de que el hombre intentara quitarse la vida, al lanzarse desde el techo de la referida vivienda, result\u00f3 con m\u00faltiples traumas que le mantuvieron interno por varios d\u00edas y posteriormente fue apresado.&nbsp;<\/p>\n\n\n\n<p>El Ministerio P\u00fablico, representado por el fiscal litigante Juan Alberto Liranzo, durante el juicio demostr\u00f3 con diferentes pruebas testimoniales, periciales, documentales y audiovisuales, la responsabilidad penal de Terrero Encarnaci\u00f3n en el hecho por el que fue enjuiciado.<\/p>\n\n\n\n<p>El tribunal, luego de ponderar las pruebas aportadas por el Ministerio P\u00fablico, lo declar\u00f3 culpable de la violaci\u00f3n de los art\u00edculos 309-1, 309-2 y 309-3 del C\u00f3digo Penal Dominicano, modificado por la Ley 24-97, que establece como violencia contra la mujer toda acci\u00f3n o conducta, p\u00fablica o privada, que, en raz\u00f3n de su g\u00e9nero, y mediante el empleo de fuerza f\u00edsica o violencia sicol\u00f3gica, verbal, intimidaci\u00f3n o persecuci\u00f3n, le cause da\u00f1o o sufrimiento f\u00edsico, sexual o sicol\u00f3gico a la v\u00edctima.<\/p>\n\n\n\n<p>&nbsp;&nbsp;&nbsp;&nbsp;&nbsp;&nbsp;&nbsp;&nbsp;&nbsp;&nbsp;&nbsp;&nbsp;&nbsp;&nbsp;&nbsp;&nbsp;&nbsp;&nbsp;&nbsp;&nbsp;&nbsp;&nbsp;&nbsp;&nbsp;&nbsp;&nbsp;&nbsp;&nbsp;&nbsp;&nbsp;&nbsp;&nbsp;&nbsp;&nbsp;&nbsp;&nbsp;&nbsp;&nbsp;&nbsp;&nbsp;&nbsp;&nbsp;&nbsp;&nbsp;&nbsp;&nbsp;&nbsp;&nbsp;<strong>Direcci\u00f3n General de Comunicaci\u00f3n, Prensa, y RRPP<\/strong><strong><\/strong><\/p>\n\n\n\n<p>Ministerio P\u00fablico.&nbsp;R.D.<\/p>\n\n\n\n<p>Martes, 30 de mayo de 2023.<\/p>\n","protected":false},"excerpt":{"rendered":"<p>SANTO DOMINGO ESTE, Rep\u00fablica Dominicana.- La Fiscal\u00eda de Santo Domingo Este y Norte obtuvo una condena de 15 a\u00f1os de prisi\u00f3n en contra de un hombre que intent\u00f3 matar a su expareja y luego intent\u00f3 quitarse la vida al lanzarse desde el techo de una vivienda, en un hecho ocurrido en el a\u00f1o 2020, en [&hellip;]<\/p>\n","protected":false},"author":28,"featured_media":313633,"comment_status":"closed","ping_status":"","sticky":true,"template":"","format":"standard","meta":{"footnotes":""},"categories":[24,29],"tags":[],"class_list":["post-443488","post","type-post","status-publish","format-standard","has-post-thumbnail","hentry","category-justicia-y-derecho","category-policiasucesos"],"_links":{"self":[{"href":"https:\/\/diariodominicano.com\/index.php?rest_route=\/wp\/v2\/posts\/443488","targetHints":{"allow":["GET"]}}],"collection":[{"href":"https:\/\/diariodominicano.com\/index.php?rest_route=\/wp\/v2\/posts"}],"about":[{"href":"https:\/\/diariodominicano.com\/index.php?rest_route=\/wp\/v2\/types\/post"}],"author":[{"embeddable":true,"href":"https:\/\/diariodominicano.com\/index.php?rest_route=\/wp\/v2\/users\/28"}],"replies":[{"embeddable":true,"href":"https:\/\/diariodominicano.com\/index.php?rest_route=%2Fwp%2Fv2%2Fcomments&post=443488"}],"version-history":[{"count":1,"href":"https:\/\/diariodominicano.com\/index.php?rest_route=\/wp\/v2\/posts\/443488\/revisions"}],"predecessor-version":[{"id":443489,"href":"https:\/\/diariodominicano.com\/index.php?rest_route=\/wp\/v2\/posts\/443488\/revisions\/443489"}],"wp:featuredmedia":[{"embeddable":true,"href":"https:\/\/diariodominicano.com\/index.php?rest_route=\/wp\/v2\/media\/313633"}],"wp:attachment":[{"href":"https:\/\/diariodominicano.com\/index.php?rest_route=%2Fwp%2Fv2%2Fmedia&parent=443488"}],"wp:term":[{"taxonomy":"category","embeddable":true,"href":"https:\/\/diariodominicano.com\/index.php?rest_route=%2Fwp%2Fv2%2Fcategories&post=443488"},{"taxonomy":"post_tag","embeddable":true,"href":"https:\/\/diariodominicano.com\/index.php?rest_route=%2Fwp%2Fv2%2Ftags&post=443488"}],"curies":[{"name":"wp","href":"https:\/\/api.w.org\/{rel}","templated":true}]}}