{"id":443271,"date":"2023-05-29T13:24:42","date_gmt":"2023-05-29T17:24:42","guid":{"rendered":"http:\/\/diariodominicano.com\/?p=443271"},"modified":"2023-05-29T13:27:27","modified_gmt":"2023-05-29T17:27:27","slug":"policia-nacional-apresa-hombre-en-flagrante-delito-por-robo-de-bateria-de-vehiculo-en-santiago","status":"publish","type":"post","link":"https:\/\/diariodominicano.com\/?p=443271","title":{"rendered":"Polic\u00eda Nacional  apresa hombre en flagrante delito  por robo  de bater\u00eda de veh\u00edculo en Santiago"},"content":{"rendered":"\n<p>diariodominicano.com<\/p>\n\n\n\n<p><strong>Adem\u00e1s se le atribuye robos de retrovisores<\/strong><\/p>\n\n\n\n<p><strong>Santiago, R.D.- 29 de Mayo 2023.- <\/strong>\u00a0D\u00e1ndole seguimiento\u00a0\u00a0a denuncias presentadas por ciudadanos v\u00edctimas de robos\u00a0\u00a0de retrovisores y bater\u00edas de veh\u00edculos, apresaron un hombre en flagrante delito, adem\u00e1s\u00a0\u00a0est\u00e1 siendo identificado junto a otro como uno los autores de cometer diversos hechos.<\/p>\n\n\n\n<p>El&nbsp;&nbsp;prevenido es Juan Carlos Guzm\u00e1n, de 42 a\u00f1os, residente en el sector El Hoyo, del barrio Suelo Duro de esta ciudad, quien fue detenido en la calle 16 de Agosto del centro de la ciudad, ocup\u00e1ndole una bater\u00eda sustra\u00edda&nbsp;&nbsp;en ese momento.<\/p>\n\n\n\n<p>De acuerdo al reporte policial, Guzm\u00e1n realizaba los robos en diferentes sectores de esta ciudad, sustrayendo los espejos y bater\u00edas de dichos autom\u00f3viles en la v\u00eda p\u00fablica y en casas habitadas, mediante ruptura junto a otro hombre&nbsp;&nbsp;en proceso de identificaci\u00f3n, quienes se transportaban en una motocicleta, quedando captados&nbsp;&nbsp;en c\u00e1mara.<\/p>\n\n\n\n<p>La Polic\u00eda precis\u00f3 que el detenido que&nbsp;&nbsp;al ser entrevistado verbalmente, admiti\u00f3 haber cometido los hechos que se les imputan, el mismo se encuentra en poder del Ministerio P\u00fablico para los fines legales correspondientes.<\/p>\n\n\n\n<p>Fuente:  <strong>OFICINA DE INFORMACI\u00d3N Y COMUNICACIONES ESTRAT\u00c9GICAS DIRECCI\u00d3N REGIONAL CIBAO CENTRAL DE LA POLIC\u00cdA NACIONAL.<\/strong><\/p>\n\n\n\n<p><\/p>\n","protected":false},"excerpt":{"rendered":"<p>diariodominicano.com Adem\u00e1s se le atribuye robos de retrovisores Santiago, R.D.- 29 de Mayo 2023.- \u00a0D\u00e1ndole seguimiento\u00a0\u00a0a denuncias presentadas por ciudadanos v\u00edctimas de robos\u00a0\u00a0de retrovisores y bater\u00edas de veh\u00edculos, apresaron un hombre en flagrante delito, adem\u00e1s\u00a0\u00a0est\u00e1 siendo identificado junto a otro como uno los autores de cometer diversos hechos. El&nbsp;&nbsp;prevenido es Juan Carlos Guzm\u00e1n, de 42 [&hellip;]<\/p>\n","protected":false},"author":5,"featured_media":443273,"comment_status":"closed","ping_status":"","sticky":true,"template":"","format":"standard","meta":{"footnotes":""},"categories":[29,27],"tags":[],"class_list":["post-443271","post","type-post","status-publish","format-standard","has-post-thumbnail","hentry","category-policiasucesos","category-portada"],"_links":{"self":[{"href":"https:\/\/diariodominicano.com\/index.php?rest_route=\/wp\/v2\/posts\/443271","targetHints":{"allow":["GET"]}}],"collection":[{"href":"https:\/\/diariodominicano.com\/index.php?rest_route=\/wp\/v2\/posts"}],"about":[{"href":"https:\/\/diariodominicano.com\/index.php?rest_route=\/wp\/v2\/types\/post"}],"author":[{"embeddable":true,"href":"https:\/\/diariodominicano.com\/index.php?rest_route=\/wp\/v2\/users\/5"}],"replies":[{"embeddable":true,"href":"https:\/\/diariodominicano.com\/index.php?rest_route=%2Fwp%2Fv2%2Fcomments&post=443271"}],"version-history":[{"count":2,"href":"https:\/\/diariodominicano.com\/index.php?rest_route=\/wp\/v2\/posts\/443271\/revisions"}],"predecessor-version":[{"id":443274,"href":"https:\/\/diariodominicano.com\/index.php?rest_route=\/wp\/v2\/posts\/443271\/revisions\/443274"}],"wp:featuredmedia":[{"embeddable":true,"href":"https:\/\/diariodominicano.com\/index.php?rest_route=\/wp\/v2\/media\/443273"}],"wp:attachment":[{"href":"https:\/\/diariodominicano.com\/index.php?rest_route=%2Fwp%2Fv2%2Fmedia&parent=443271"}],"wp:term":[{"taxonomy":"category","embeddable":true,"href":"https:\/\/diariodominicano.com\/index.php?rest_route=%2Fwp%2Fv2%2Fcategories&post=443271"},{"taxonomy":"post_tag","embeddable":true,"href":"https:\/\/diariodominicano.com\/index.php?rest_route=%2Fwp%2Fv2%2Ftags&post=443271"}],"curies":[{"name":"wp","href":"https:\/\/api.w.org\/{rel}","templated":true}]}}