{"id":44304,"date":"2019-05-02T13:09:32","date_gmt":"2019-05-02T13:09:32","guid":{"rendered":"http:\/\/diariodominicano.ddns.net\/?p=44304"},"modified":"2019-05-02T13:09:32","modified_gmt":"2019-05-02T13:09:32","slug":"a-pleno-solel-movimiento-sindical","status":"publish","type":"post","link":"https:\/\/diariodominicano.com\/?p=44304","title":{"rendered":"A Pleno Sol&#13;&#13;El movimiento sindical"},"content":{"rendered":"<p><body><\/p>\n<p><strong>Por Manuel Hern\u00e1ndez Villeta<\/strong><\/p>\n<\/p>\n<\/p>\n<p>Parece que el movimiento obrero-sindical dominicano ha roto la inercia, sale del congelamiento y vuelve a tratar de entablar nuevas jornadas de lucha. Sale poco a poco del precipicio de la atomizaci\u00f3n y el amarillismo.<\/p>\n<\/p>\n<p>Hoy es m\u00e1s f\u00e1cil lograr la unidad de los grupos sindicales. No est\u00e1 de por medio la lucha ideol\u00f3gica y el sometimiento  incondicional a los dictados de folletos de que la clase obrera va al para\u00edso.<\/p>\n<\/p>\n<p>Solo se daba el infierno sometido por los patronos, los organismos de represi\u00f3n y el gobierno de turno. Hoy hay tiempos distintos, siguen al frente las mismas caras del sindicalismo, pero remozadas con la idea de que si no hay unidad todos van a desaparecer.<\/p>\n<\/p>\n<p>Y eso es positivo. Los grandes sindicalistas, los hist\u00f3ricos, pertenecieron a estas centrales sindicales que todav\u00eda accionan en la vida p\u00fablica nacional. Parec\u00eda que estaban muertas, y ahora dan la batalla con la lucha contra la eliminaci\u00f3n de la cesant\u00eda, el paro de Punta Catalina, y el salir a las calles en rol de protesta.<\/p>\n<\/p>\n<p>Debe ese movimiento sindical cuidarse de caer en las veleidades de ideolog\u00edas que est\u00e1n en los escaparates, o de subordinaci\u00f3n a partidos pol\u00edticos, o el doblez ante sectores empresariales. Su futuro solo se lo garantiza la clase obrera, la lucha por reivindicaciones es lo que le dar\u00e1 fuerza y valor.<\/p>\n<\/p>\n<p>El acero se va a templar en esta lucha por mejores condiciones de vida, la fijaci\u00f3n de un salario m\u00ednimo decente, que no se elimine la cesant\u00eda y que no se deje abandonado a los que todav\u00eda est\u00e1n bajo la sombrilla harapienta del Seguro Social.<\/p>\n<\/p>\n<p>Los tremendismos  de paros inopinados hay que evitarlos. Ellos llevaron al fracaso, al ver las huelgas como una moda, sin querer enterarse de que siempre el de abajo lleva las de perder, sino sabe usar la cabeza para poder moverse y luchar.<\/p>\n<\/p>\n<p>En este primero de mayo, D\u00eda Internacional del Trabajo, la ocasi\u00f3n es buena para que se haga un an\u00e1lisis profundo de hacia d\u00f3nde va el movimiento obrero. Por primera vez en a\u00f1os  luce fuerte, con m\u00fasculos poderosos y listos para enfrentar todas las jornadas accidentadas que le esperan<\/p>\n<\/p>\n<p>Los pol\u00edticos hacen promesa de mejor\u00eda general, pero es imposible que se puedan lograr reivindicaciones si de por medio no est\u00e1 un movimiento obrero fuerte, independiente y comprometido con lo mejor del pa\u00eds. No vamos a mencionar a los que se han ca\u00eddo, pero que sentaron las bases, las columnas, para que hoy todav\u00eda exista el sindicalismo.<\/p>\n<\/p>\n<p>Salud obreros dominicanos, y sigan manteniendo la unidad y la capacidad de lucha, que sobre los hombros de un movimiento organizado descansa el futuro del asalariado, porque no habr\u00e1 conquistas sin unidad para la acci\u00f3n. \u00a1Ay!, se me acab\u00f3 la tinta.<\/p>\n<\/p>\n<h6> 2019-05-02 13:09:32 <\/h6>\n<p><!--\n<link rel=\"stylesheet\" href=\"css\/bootstrap.min.css\">\n\n\n<ul class=\"pagination\">\n\t    \n\t\n\n<li >\n\t<a href='?page_no=712'>Previous<\/a>\n\t<\/li>\n\n\n       \n    \n\n<li><a href='?page_no=1'>1<\/a><\/li>\n\n\n\n<li><a href='?page_no=2'>2<\/a><\/li>\n\n\n\n<li><a>...<\/a><\/li>\n\n\n\n<li><a href='?page_no=711'>711<\/a><\/li>\n\n\n\n<li><a href='?page_no=712'>712<\/a><\/li>\n\n\n\n<li class='active'><a>713<\/a><\/li>\n\n\n\n<li><a href='?page_no=714'>714<\/a><\/li>\n\n\n\n<li><a href='?page_no=715'>715<\/a><\/li>\n\n\n\n<li><a>...<\/a><\/li>\n\n\n\n<li><a href='?page_no=13611'>13611<\/a><\/li>\n\n\n\n<li><a href='?page_no=13612'>13612<\/a><\/li>\n\n    \n\t\n\n<li >\n\t<a href='?page_no=714'>Next<\/a>\n\t<\/li>\n\n\n    \n\n<li><a href='?page_no=13612'>Last &rsaquo;&rsaquo;<\/a><\/li>\n\n<\/ul>\n\n\n--><br \/>\n<\/body><\/p>\n","protected":false},"excerpt":{"rendered":"<p>Por Manuel Hern\u00e1ndez Villeta Parece que el movimiento obrero-sindical dominicano ha roto la inercia, sale del congelamiento y vuelve a tratar de entablar nuevas jornadas de lucha. Sale poco a poco del precipicio de la atomizaci\u00f3n y el amarillismo. Hoy es m\u00e1s f\u00e1cil lograr la unidad de los grupos sindicales. No est\u00e1 de por medio [&hellip;]<\/p>\n","protected":false},"author":3,"featured_media":0,"comment_status":"open","ping_status":"open","sticky":false,"template":"","format":"standard","meta":{"footnotes":""},"categories":[16],"tags":[],"class_list":["post-44304","post","type-post","status-publish","format-standard","hentry","category-opiniones"],"_links":{"self":[{"href":"https:\/\/diariodominicano.com\/index.php?rest_route=\/wp\/v2\/posts\/44304","targetHints":{"allow":["GET"]}}],"collection":[{"href":"https:\/\/diariodominicano.com\/index.php?rest_route=\/wp\/v2\/posts"}],"about":[{"href":"https:\/\/diariodominicano.com\/index.php?rest_route=\/wp\/v2\/types\/post"}],"author":[{"embeddable":true,"href":"https:\/\/diariodominicano.com\/index.php?rest_route=\/wp\/v2\/users\/3"}],"replies":[{"embeddable":true,"href":"https:\/\/diariodominicano.com\/index.php?rest_route=%2Fwp%2Fv2%2Fcomments&post=44304"}],"version-history":[{"count":0,"href":"https:\/\/diariodominicano.com\/index.php?rest_route=\/wp\/v2\/posts\/44304\/revisions"}],"wp:attachment":[{"href":"https:\/\/diariodominicano.com\/index.php?rest_route=%2Fwp%2Fv2%2Fmedia&parent=44304"}],"wp:term":[{"taxonomy":"category","embeddable":true,"href":"https:\/\/diariodominicano.com\/index.php?rest_route=%2Fwp%2Fv2%2Fcategories&post=44304"},{"taxonomy":"post_tag","embeddable":true,"href":"https:\/\/diariodominicano.com\/index.php?rest_route=%2Fwp%2Fv2%2Ftags&post=44304"}],"curies":[{"name":"wp","href":"https:\/\/api.w.org\/{rel}","templated":true}]}}