{"id":442813,"date":"2023-05-27T12:55:40","date_gmt":"2023-05-27T16:55:40","guid":{"rendered":"http:\/\/diariodominicano.com\/?p=442813"},"modified":"2023-05-27T12:55:40","modified_gmt":"2023-05-27T16:55:40","slug":"el-mp-obtiene-12-meses-de-prision-preventiva-contra-dos-hombres-que-asesinaron-y-ocultaron-el-cuerpo-de-otro-en-la-vega","status":"publish","type":"post","link":"https:\/\/diariodominicano.com\/?p=442813","title":{"rendered":"El MP obtiene 12 meses de prisi\u00f3n preventiva contra dos hombres que asesinaron y ocultaron el cuerpo de otro en La Vega"},"content":{"rendered":"\n<p><strong>LA VEGA, Rep\u00fablica Dominicana.\u2013<\/strong>\u00a0La Fiscal\u00eda de La Vega obtuvo la imposici\u00f3n de 12 meses de prisi\u00f3n preventiva, como medida de coerci\u00f3n, contra dos hombres imputados por el asesinato y ocultamiento del cad\u00e1ver de otro hombre, en un hecho ocurrido en el sector Villa Francisca, de este municipio.<\/p>\n\n\n\n<p>El Juzgado de Atenci\u00f3n Permanente de este distrito judicial, quien acogi\u00f3 la declaratoria de complejidad en el proceso, impuso las medidas coercitivas a Edwin Alberto Holgu\u00edn Robles y Anderson Lorenzo Alc\u00e1ntara, por el asesinato de Fausto Reyes Tejada.<\/p>\n\n\n\n<p>La Fiscal\u00eda demostr\u00f3 ante el tribunal la gravedad de los hechos cometidos por los imputados y la imposibilidad de demostrar arraiga suficientes para probar que no se sustraer\u00edan del proceso, de no ser aplicada la prisi\u00f3n preventiva como medida de coerci\u00f3n.<\/p>\n\n\n\n<p>El Ministerio P\u00fablico ha se\u00f1alado que las acciones cometidas por los imputados constituyen una violaci\u00f3n a los a los art\u00edculos, 295, 296, 302,303, 379,382, 59 y 60 del C\u00f3digo Penal Dominicano, que tipifica y sanciona el il\u00edcito penal de homicidio agravado y robo.<\/p>\n\n\n\n<p>En el proceso de investigaci\u00f3n, Holgu\u00edn Robles, quien fue entrevistado en varias ocasiones por el Ministerio P\u00fablico, confes\u00f3 el homicidio y el ocultamiento del cuerpo del occiso.<\/p>\n\n\n\n<p>El imputado revel\u00f3 que el desaparecido se encontraba enterrado en el patio de su residencia en el sector Villa Francisca, donde el Ministerio P\u00fablico, al realizar un allanamiento, encontr\u00f3 el cuerpo sin vida de Reyes Tejada, dentro de una maleta, sepultado debajo de una peque\u00f1a piscina que hab\u00eda construido Holgu\u00edn Robles.<\/p>\n\n\n\n<p>El \u00f3rgano de justicia, al realizar el allanamiento en la residencia del imputado Lorenzo Alc\u00e1ntara, le ocup\u00f3, dentro de una nevera, un tel\u00e9fono celular marca Samsung, color gris, propiedad del hoy occiso.<\/p>\n\n\n\n<p>La Fiscal\u00eda tambi\u00e9n le ocup\u00f3 un su\u00e9ter color verde, un pantal\u00f3n jean de hombre, con algunas manchas rojas, un par de chancletas color negra, marca Nike, un par de tenis color marr\u00f3n, que fueron utilizados por el imputado, Holgu\u00edn Robles.<\/p>\n\n\n\n<p>El Ministerio P\u00fablico recuper\u00f3 doscientos cincuenta mil (RD$250,000.00) pesos, propiedad del occiso, que el imputado Holgu\u00edn Robles hab\u00eda entregado a una persona para que se los guardara.<\/p>\n\n\n\n<p>Los imputados asesinaron a Reyes Tejada el pasado 3 de mayo, en una caba\u00f1a de su propiedad, donde su cuerpo sin vida fue introducido en la maleta que fue encontrado.<\/p>\n\n\n\n<p>Tras ser introducido en la maleta, el cuerpo sin vida de Reyes fue trasladado, en horas de la madrugada, a la vivienda de su victimario, en la camioneta Nissan, modelo Frontier, color blanco, a\u00f1o 2018, propiedad de la v\u00edctima.<\/p>\n\n\n\n<p>El veh\u00edculo tambi\u00e9n fue recuperado por el Ministerio P\u00fablico, como parte de las evidencias del delito.<\/p>\n\n\n\n<p>La autopsia preliminar realizada al cuerpo de la v\u00edctima por el Instituto Nacional de Ciencias Forenses (Inacif), revel\u00f3 que Reyes Tejada muri\u00f3 debido a trauma contuso craneoencef\u00e1lico y facial severo, lo que evidencia una muerte violenta.<\/p>\n\n\n\n<p>Por disposici\u00f3n del tribunal, Holgu\u00edn Robles cumplir\u00e1 la medida en la C\u00e1rcel P\u00fablica de La Vega y Lorenzo Alc\u00e1ntara en el Centro de Correcci\u00f3n y Rehabilitaci\u00f3n El Pinito.<\/p>\n\n\n\n<p><strong>Direcci\u00f3n General de Comunicaci\u00f3n, Prensa, y RRPP<\/strong><\/p>\n\n\n\n<p>Ministerio P\u00fablico.&nbsp;R.D.<\/p>\n\n\n\n<p>S\u00e1bado, 27 de mayo de 2023<\/p>\n","protected":false},"excerpt":{"rendered":"<p>LA VEGA, Rep\u00fablica Dominicana.\u2013\u00a0La Fiscal\u00eda de La Vega obtuvo la imposici\u00f3n de 12 meses de prisi\u00f3n preventiva, como medida de coerci\u00f3n, contra dos hombres imputados por el asesinato y ocultamiento del cad\u00e1ver de otro hombre, en un hecho ocurrido en el sector Villa Francisca, de este municipio. El Juzgado de Atenci\u00f3n Permanente de este distrito [&hellip;]<\/p>\n","protected":false},"author":28,"featured_media":414969,"comment_status":"closed","ping_status":"","sticky":true,"template":"","format":"standard","meta":{"footnotes":""},"categories":[24,29,27],"tags":[],"class_list":["post-442813","post","type-post","status-publish","format-standard","has-post-thumbnail","hentry","category-justicia-y-derecho","category-policiasucesos","category-portada"],"_links":{"self":[{"href":"https:\/\/diariodominicano.com\/index.php?rest_route=\/wp\/v2\/posts\/442813","targetHints":{"allow":["GET"]}}],"collection":[{"href":"https:\/\/diariodominicano.com\/index.php?rest_route=\/wp\/v2\/posts"}],"about":[{"href":"https:\/\/diariodominicano.com\/index.php?rest_route=\/wp\/v2\/types\/post"}],"author":[{"embeddable":true,"href":"https:\/\/diariodominicano.com\/index.php?rest_route=\/wp\/v2\/users\/28"}],"replies":[{"embeddable":true,"href":"https:\/\/diariodominicano.com\/index.php?rest_route=%2Fwp%2Fv2%2Fcomments&post=442813"}],"version-history":[{"count":1,"href":"https:\/\/diariodominicano.com\/index.php?rest_route=\/wp\/v2\/posts\/442813\/revisions"}],"predecessor-version":[{"id":442814,"href":"https:\/\/diariodominicano.com\/index.php?rest_route=\/wp\/v2\/posts\/442813\/revisions\/442814"}],"wp:featuredmedia":[{"embeddable":true,"href":"https:\/\/diariodominicano.com\/index.php?rest_route=\/wp\/v2\/media\/414969"}],"wp:attachment":[{"href":"https:\/\/diariodominicano.com\/index.php?rest_route=%2Fwp%2Fv2%2Fmedia&parent=442813"}],"wp:term":[{"taxonomy":"category","embeddable":true,"href":"https:\/\/diariodominicano.com\/index.php?rest_route=%2Fwp%2Fv2%2Fcategories&post=442813"},{"taxonomy":"post_tag","embeddable":true,"href":"https:\/\/diariodominicano.com\/index.php?rest_route=%2Fwp%2Fv2%2Ftags&post=442813"}],"curies":[{"name":"wp","href":"https:\/\/api.w.org\/{rel}","templated":true}]}}