{"id":44271,"date":"2019-05-03T12:36:20","date_gmt":"2019-05-03T12:36:20","guid":{"rendered":"http:\/\/diariodominicano.ddns.net\/?p=44271"},"modified":"2019-05-03T12:36:20","modified_gmt":"2019-05-03T12:36:20","slug":"importancia-de-las-zonas-francas-2","status":"publish","type":"post","link":"https:\/\/diariodominicano.com\/?p=44271","title":{"rendered":"IMPORTANCIA DE LAS ZONAS FRANCAS"},"content":{"rendered":"<p><body><\/p>\n<p>EL TIRO RAPIDO<\/p>\n<\/p>\n<\/p>\n<\/p>\n<p>Ponderar por nueva vez la importancia de las zonas francas industriales es en nuestro caso transitar una ruta por la que hemos andado desde sus mismos inicios y recorrido en muchas ocasiones anteriores,  desde que el Central Romana con iniciativa visionaria estableci\u00f3 la primera en la urbe romanense, y despu\u00e9s lo hizo en la Ciudad Coraz\u00f3n la Asociaci\u00f3n Pro Desarrollo de Santiago, que presid\u00eda el desaparecido empresario comunitario V\u00edctor Espaillat, en la que es posiblemente el mayor de todos los parques industriales que existen en el pa\u00eds.<\/p>\n<\/p>\n<\/p>\n<p>Desde entonces, las zonas francas se han ido extendiendo por toda la geograf\u00eda nacional, albergando cientos de empresas entregadas al ensamblaje y fabricaci\u00f3n de productos de exportaci\u00f3n, que si en un principio y durante los primeros a\u00f1os estuvieron focalizados en el ramo textil, hoy cubren una amplia gama de los m\u00e1s diversificados rubros industriales, donde el puesto de cabecera ha pasado a ocuparlo el  rengl\u00f3n de sofisticados equipos m\u00e9dicos.<\/p>\n<\/p>\n<\/p>\n<p>La especial significaci\u00f3n que reviste el sector de zonas francas industriales para el pa\u00eds desde el punto de vista econ\u00f3mico y laboral viene dada por sus cifras.<\/p>\n<\/p>\n<\/p>\n<p>Las exportaciones de las empresas de zonas francas que en el 2013 ascendieron a 3 mil 442 millones 800 mil d\u00f3lares han marcado un ritmo de consistente ascenso de a\u00f1o en a\u00f1o, hasta llegar a 4 mil 977 millones 800 mil d\u00f3lares el pasado. <\/p>\n<\/p>\n<\/p>\n<p>Al cierre del 2018 los setenta y cuatro parques industriales con que cuenta el pa\u00eds albergaban 673 empresas en operaci\u00f3n, generando 171 mil 726 empleos directos.  De este gran total, el 21.8 por ciento corresponde al sector servicios y el 15.2 por ciento a la industria textil.<\/p>\n<\/p>\n<\/p>\n<p>Al estar distribuidos en todo el territorio nacional,  tanto con el pago de salarios como de la compra de servicios y bienes, se convierten en un importante factor de dinamizaci\u00f3n la econom\u00eda local de las distintas comunidades en que se encuentran ubicados.<\/p>\n<\/p>\n<\/p>\n<p>En el pasado a\u00f1o, las empresas del sector pagaron m\u00e1s de 12 mil 753 millones de pesos en servicios b\u00e1sicos; aportaron 7 mil 98 millones a la Seguridad Social y 336 millones 800 mil a INFOTEP; consumieron 4 mil 333 millones en electricidad; 829 millones en telecomunicaciones y 155 millones 700 mil por concepto de consumo de agua.  Son n\u00fameros contundentes que reflejan mejor que cualquier argumento la importancia y la necesidad de preservar este importante sector.<\/p>\n<\/p>\n<\/p>\n<p>As\u00ed como han crecido sus exportaciones y volumen de aportes a la econom\u00eda y en la creaci\u00f3n de empleos, las zonas francas industriales se mantienen en constante proceso de expansi\u00f3n. De a\u00f1o en a\u00f1o, aumenta el n\u00famero de empresas que se instalan en el pa\u00eds.  Esa misma alentadora perspectiva de incremento se proyecta para el presente a\u00f1o, ahora con el inter\u00e9s de nuevas empresas de origen chino a partir del establecimiento de relaciones con China Continental.<\/p>\n<\/p>\n<\/p>\n<p>En este sentido, la directora del Consejo Nacional de Zonas Francas de Exportaci\u00f3n, Luisa Fern\u00e1ndez Dur\u00e1n, adelanta que una firma asi\u00e1tica est\u00e1 por instalarse en Tamboril, la cual generar\u00e1 seis mil empleos; otra, del mismo origen, pudiera hacerlo en Cotu\u00ed, S\u00e1nchez Ram\u00edrez o Montecristi con proyecci\u00f3n a crear nueve mil nuevos puestos de trabajo.<\/p>\n<\/p>\n<\/p>\n<p>De por medio, sin embargo, en un pa\u00eds donde el nivel de desempleo alcanza el 15 por ciento y m\u00e1s de medio mill\u00f3n de j\u00f3venes ni estudia ni trabaja, los tan mentados Ni-Ni, duplicando esa proporci\u00f3n&#8230; falta personal para cubrir esas plazas, tanto trabajadores manuales como  biling\u00fces y con capacitaci\u00f3n t\u00e9cnica.  Seg\u00fan resalta la funcionaria, muchos prefieren dedicarse al motoconcho en vez de disponer de un empleo formal. <\/p>\n<\/p>\n<\/p>\n<p>Es la cultura que hemos ido desarrollando de subsistir a base del facilismo y la informalidad, y que contribuye a estimular la inmigraci\u00f3n, tan a menudo ilegal, de mano de obra barata  venida desde el otro lado de la frontera.<\/p>\n<\/p>\n<\/p>\n<p>Lamentable pero es as\u00ed&#8230;<\/p>\n<\/p>\n<h6> 2019-05-03 12:36:20 <\/h6>\n<p><!--\n<link rel=\"stylesheet\" href=\"css\/bootstrap.min.css\">\n\n\n<ul class=\"pagination\">\n\t    \n\t\n\n<li >\n\t<a href='?page_no=709'>Previous<\/a>\n\t<\/li>\n\n\n       \n    \n\n<li><a href='?page_no=1'>1<\/a><\/li>\n\n\n\n<li><a href='?page_no=2'>2<\/a><\/li>\n\n\n\n<li><a>...<\/a><\/li>\n\n\n\n<li><a href='?page_no=708'>708<\/a><\/li>\n\n\n\n<li><a href='?page_no=709'>709<\/a><\/li>\n\n\n\n<li class='active'><a>710<\/a><\/li>\n\n\n\n<li><a href='?page_no=711'>711<\/a><\/li>\n\n\n\n<li><a href='?page_no=712'>712<\/a><\/li>\n\n\n\n<li><a>...<\/a><\/li>\n\n\n\n<li><a href='?page_no=13611'>13611<\/a><\/li>\n\n\n\n<li><a href='?page_no=13612'>13612<\/a><\/li>\n\n    \n\t\n\n<li >\n\t<a href='?page_no=711'>Next<\/a>\n\t<\/li>\n\n\n    \n\n<li><a href='?page_no=13612'>Last &rsaquo;&rsaquo;<\/a><\/li>\n\n<\/ul>\n\n\n--><br \/>\n<\/body><\/p>\n","protected":false},"excerpt":{"rendered":"<p>EL TIRO RAPIDO Ponderar por nueva vez la importancia de las zonas francas industriales es en nuestro caso transitar una ruta por la que hemos andado desde sus mismos inicios y recorrido en muchas ocasiones anteriores, desde que el Central Romana con iniciativa visionaria estableci\u00f3 la primera en la urbe romanense, y despu\u00e9s lo hizo [&hellip;]<\/p>\n","protected":false},"author":3,"featured_media":0,"comment_status":"open","ping_status":"open","sticky":false,"template":"","format":"standard","meta":{"footnotes":""},"categories":[16],"tags":[],"class_list":["post-44271","post","type-post","status-publish","format-standard","hentry","category-opiniones"],"_links":{"self":[{"href":"https:\/\/diariodominicano.com\/index.php?rest_route=\/wp\/v2\/posts\/44271","targetHints":{"allow":["GET"]}}],"collection":[{"href":"https:\/\/diariodominicano.com\/index.php?rest_route=\/wp\/v2\/posts"}],"about":[{"href":"https:\/\/diariodominicano.com\/index.php?rest_route=\/wp\/v2\/types\/post"}],"author":[{"embeddable":true,"href":"https:\/\/diariodominicano.com\/index.php?rest_route=\/wp\/v2\/users\/3"}],"replies":[{"embeddable":true,"href":"https:\/\/diariodominicano.com\/index.php?rest_route=%2Fwp%2Fv2%2Fcomments&post=44271"}],"version-history":[{"count":0,"href":"https:\/\/diariodominicano.com\/index.php?rest_route=\/wp\/v2\/posts\/44271\/revisions"}],"wp:attachment":[{"href":"https:\/\/diariodominicano.com\/index.php?rest_route=%2Fwp%2Fv2%2Fmedia&parent=44271"}],"wp:term":[{"taxonomy":"category","embeddable":true,"href":"https:\/\/diariodominicano.com\/index.php?rest_route=%2Fwp%2Fv2%2Fcategories&post=44271"},{"taxonomy":"post_tag","embeddable":true,"href":"https:\/\/diariodominicano.com\/index.php?rest_route=%2Fwp%2Fv2%2Ftags&post=44271"}],"curies":[{"name":"wp","href":"https:\/\/api.w.org\/{rel}","templated":true}]}}