{"id":44237,"date":"2019-05-05T23:14:52","date_gmt":"2019-05-05T23:14:52","guid":{"rendered":"http:\/\/diariodominicano.ddns.net\/?p=44237"},"modified":"2019-05-05T23:14:52","modified_gmt":"2019-05-05T23:14:52","slug":"2020-panorama-incierto","status":"publish","type":"post","link":"https:\/\/diariodominicano.com\/?p=44237","title":{"rendered":"2020: PANORAMA INCIERTO"},"content":{"rendered":"<p><body><\/p>\n<\/p>\n<p>Incierto para las derechas oficialistas y opositoras. Tenso y pendiente de definiciones al calor de sus feroces pugnas.<\/p>\n<\/p>\n<p>\u00bfPodr\u00e1 re-postularse Danilo? Si lo logra, \u00bfse saldr\u00e1 o se quedar\u00e1 Leonel en el PLD? Si no es Danilo y Leonel se queda en el partido, \u00bfser\u00e1 \u00e9ste su candidato? \u00bfO Danilo, con su mayor\u00eda interna, lo obligar\u00e1 a replegarse y pactar? Si no puede ninguno de los dos, \u00bfser\u00e1 la vice Margarita la cabeza de esa f\u00f3rmula? \u00bfTiene otro precandidato la capacidad competitiva para lidiar con el  PRM y asociados?<\/p>\n<\/p>\n<p>Vamos por parte. La re-postulaci\u00f3n de Danilo, que no es igual a su reelecci\u00f3n ni a su imposici\u00f3n sin trauma en el 2020, al parecer solo la podr\u00eda impedir un veto previo de c\u00fapula empresarial, jerarqu\u00eda cat\u00f3lica y poder imperialista estadounidense, puesto que parece contar con los votos necesarios en el Congreso.<\/p>\n<\/p>\n<p>Algunas se\u00f1ales pro-veto aparecen en el firmamento electoral, por los riegos que tal paso implica para la gobernabilidad del sistema de dominaci\u00f3n: el pronunciamiento anti-reeleccionista-anti-danilista de la jerarqu\u00eda cat\u00f3lica (un tanto replegado por d\u00e1divas gubernamentales y compromisos concertados inmediatamente despu\u00e9s en un \u00abconversao\u00bb palaciego), la declaraci\u00f3n del CONEP precisando que los pronunciamientos pro-reelecci\u00f3n de ciertos empresarios no representaban a todos, y el hecho de que Campos de Moya  habl\u00f3 a favor de la reelecci\u00f3n en paralelo a la designaci\u00f3n de Lisandro Macarrulla como Jefe del Gabinete de Luis Abinader.<\/p>\n<\/p>\n<p>Eso es en cuanto a Danilo, en tanto lo de Leonel podr\u00eda sintetizarse as\u00ed: en el PLD es casi imposible que gane la candidatura enfrentado al Jefe de Estado, si se va tampoco gana y podr\u00eda contribuir a que Danilo-PLD pierda (con todo y fraude) frente a una oposici\u00f3n tambi\u00e9n conservadora. Le ofrecer\u00eda as\u00ed un chance al PRM y comparsa, quienes probablemente se derechicen e infecten m\u00e1s en una segunda vuelta, pactando con Leonel. Y es esa realidad la que ahora le abre cancha a Margarita, mejor situada que otros candidatos  morados.<\/p>\n<\/p>\n<p>El chance del PRM podr\u00eda esfumarse tanto con la permanencia de Leonel en el PLD y su capacidad de fraude, contando adem\u00e1s el disturbio que podr\u00eda causarle Hip\u00f3lito a Abinader-l PRM, dadas sus conexiones gubernamentales.<\/p>\n<\/p>\n<p> As\u00ed las cosas, PLD y esa oposici\u00f3n garantizan la continuidad del sistema de corrupci\u00f3n e impunidad, por lo que la incertidumbre se da en el pantano de las derechas,  no en un pueblo que se decida a desmontar el sistema y desmantelar las mafias de todos los colores.<\/p>\n<\/p>\n<h6> 2019-05-05 23:14:52 <\/h6>\n<p><!--\n<link rel=\"stylesheet\" href=\"css\/bootstrap.min.css\">\n\n\n<ul class=\"pagination\">\n\t    \n\t\n\n<li >\n\t<a href='?page_no=706'>Previous<\/a>\n\t<\/li>\n\n\n       \n    \n\n<li><a href='?page_no=1'>1<\/a><\/li>\n\n\n\n<li><a href='?page_no=2'>2<\/a><\/li>\n\n\n\n<li><a>...<\/a><\/li>\n\n\n\n<li><a href='?page_no=705'>705<\/a><\/li>\n\n\n\n<li><a href='?page_no=706'>706<\/a><\/li>\n\n\n\n<li class='active'><a>707<\/a><\/li>\n\n\n\n<li><a href='?page_no=708'>708<\/a><\/li>\n\n\n\n<li><a href='?page_no=709'>709<\/a><\/li>\n\n\n\n<li><a>...<\/a><\/li>\n\n\n\n<li><a href='?page_no=13611'>13611<\/a><\/li>\n\n\n\n<li><a href='?page_no=13612'>13612<\/a><\/li>\n\n    \n\t\n\n<li >\n\t<a href='?page_no=708'>Next<\/a>\n\t<\/li>\n\n\n    \n\n<li><a href='?page_no=13612'>Last &rsaquo;&rsaquo;<\/a><\/li>\n\n<\/ul>\n\n\n--><br \/>\n<\/body><\/p>\n","protected":false},"excerpt":{"rendered":"<p>Incierto para las derechas oficialistas y opositoras. Tenso y pendiente de definiciones al calor de sus feroces pugnas. \u00bfPodr\u00e1 re-postularse Danilo? Si lo logra, \u00bfse saldr\u00e1 o se quedar\u00e1 Leonel en el PLD? Si no es Danilo y Leonel se queda en el partido, \u00bfser\u00e1 \u00e9ste su candidato? \u00bfO Danilo, con su mayor\u00eda interna, lo [&hellip;]<\/p>\n","protected":false},"author":3,"featured_media":0,"comment_status":"open","ping_status":"open","sticky":false,"template":"","format":"standard","meta":{"footnotes":""},"categories":[16],"tags":[],"class_list":["post-44237","post","type-post","status-publish","format-standard","hentry","category-opiniones"],"_links":{"self":[{"href":"https:\/\/diariodominicano.com\/index.php?rest_route=\/wp\/v2\/posts\/44237","targetHints":{"allow":["GET"]}}],"collection":[{"href":"https:\/\/diariodominicano.com\/index.php?rest_route=\/wp\/v2\/posts"}],"about":[{"href":"https:\/\/diariodominicano.com\/index.php?rest_route=\/wp\/v2\/types\/post"}],"author":[{"embeddable":true,"href":"https:\/\/diariodominicano.com\/index.php?rest_route=\/wp\/v2\/users\/3"}],"replies":[{"embeddable":true,"href":"https:\/\/diariodominicano.com\/index.php?rest_route=%2Fwp%2Fv2%2Fcomments&post=44237"}],"version-history":[{"count":0,"href":"https:\/\/diariodominicano.com\/index.php?rest_route=\/wp\/v2\/posts\/44237\/revisions"}],"wp:attachment":[{"href":"https:\/\/diariodominicano.com\/index.php?rest_route=%2Fwp%2Fv2%2Fmedia&parent=44237"}],"wp:term":[{"taxonomy":"category","embeddable":true,"href":"https:\/\/diariodominicano.com\/index.php?rest_route=%2Fwp%2Fv2%2Fcategories&post=44237"},{"taxonomy":"post_tag","embeddable":true,"href":"https:\/\/diariodominicano.com\/index.php?rest_route=%2Fwp%2Fv2%2Ftags&post=44237"}],"curies":[{"name":"wp","href":"https:\/\/api.w.org\/{rel}","templated":true}]}}