{"id":442311,"date":"2023-05-24T23:34:00","date_gmt":"2023-05-25T03:34:00","guid":{"rendered":"http:\/\/diariodominicano.com\/?p=442311"},"modified":"2023-05-24T23:34:00","modified_gmt":"2023-05-25T03:34:00","slug":"la-dgspc-informa-privada-de-libertad-de-la-operacion-cattleya-recibe-atencion-medica-necesaria-para-tratar-condicion-de-salud","status":"publish","type":"post","link":"https:\/\/diariodominicano.com\/?p=442311","title":{"rendered":"La DGSPC informa privada de\u00a0libertad de la Operaci\u00f3n Cattleya recibe atenci\u00f3n m\u00e9dica necesaria para tratar condici\u00f3n de salud\u00a0"},"content":{"rendered":"\n<p>Archivo<\/p>\n\n\n\n<p><\/p>\n\n\n\n<p>SANTO DOMINGO, Rep\u00fablica Dominicana.- La Direcci\u00f3n General de Servicios Penitenciarios y Correccionales (DGSPC) inform\u00f3 este mi\u00e9rcoles que la privada de libertad Cristina Virginia Gonz\u00e1lez Hern\u00e1ndez,\u00a0\u00a0de la Operaci\u00f3n Cattleya, recibe los servicios m\u00e9dicos necesarios para tratar su condici\u00f3n de salud.\u00a0<\/p>\n\n\n\n<p>Gonz\u00e1lez Hern\u00e1ndez cumple prisi\u00f3n preventiva en el Centro de Correcci\u00f3n y Rehabilitaci\u00f3n Najayo Mujeres, en San Crist\u00f3bal, luego de que fuera arrestada por su vinculaci\u00f3n a la red de trata de personas con fines de explotaci\u00f3n sexual desmantelada el pasado a\u00f1o con la Operaci\u00f3n Cattleya.&nbsp;<\/p>\n\n\n\n<p>La DGSPC rechaz\u00f3 que a la interna Gonz\u00e1lez Hern\u00e1ndez no se le haya ofrecido la asistencia sanitaria que requiere, como ha sido denunciado a trav\u00e9s de las redes sociales, al precisar que tras presentar un fuerte dolor abdominal fue trasladada alrededor de las 8:24 de la noche del martes al Hospital Juan Pablo Pina, de San Crist\u00f3bal.&nbsp;<\/p>\n\n\n\n<p>Detalla que, al no presentar mejor\u00eda,&nbsp;ya que continuaba con el dolor, aunque con menor intensidad, fue trasladada desde el hospital al Centro Nacional del C\u00e1ncer Rosa Emilia S\u00e1nchez de Tav\u00e1rez (Incart), para recibir atenciones m\u00e9dicas especializadas.&nbsp;<\/p>\n\n\n\n<p>Las autoridades informaron mediante un comunicado de prensa que la interna se encuentra estable y que ha mejorado luego de la aplicaci\u00f3n de los medicamentos requeridos para tratar su condici\u00f3n de salud.&nbsp;<\/p>\n\n\n\n<p>El Ministerio P\u00fablico record\u00f3&nbsp;que la operaci\u00f3n Cattleya se puso en marcha en el mes de agosto del a\u00f1o 2022 con decenas de allanamientos en el Distrito Nacional y B\u00e1varo, producto de una amplia investigaci\u00f3n con la que desarticul\u00f3 redes transnacionales dedicadas a la trata de personas con el fin de explotarlas sexualmente y con la que rescat\u00f3 a m\u00e1s de 80 mujeres v\u00edctimas de Suram\u00e9rica.&nbsp;<\/p>\n\n\n\n<p>En el transcurso de la investigaci\u00f3n el Ministerio P\u00fablico estableci\u00f3 que las v\u00edctimas eran sometidas a explotaci\u00f3n sexual, al ofertarlas por distintas tarifas para provecho econ\u00f3mico de la organizaci\u00f3n criminal.&nbsp;<\/p>\n\n\n\n<p>La operaci\u00f3n llev\u00f3 al arresto de varias personas que cumplen medidas de coerci\u00f3n por su vinculaci\u00f3n a la red criminal.\u00a0<\/p>\n\n\n\n<p>Comunicaciones PGR<a rel=\"noreferrer noopener\" target=\"_blank\" href=\"mailto:comunicaciones@pgr.gob.do\">comunicaciones@pgr.gob.do<\/a><\/p>\n\n\n\n<p><strong>Direcci\u00f3n General de Comunicaci\u00f3n, Prensa y RRPP<\/strong><strong><\/strong><\/p>\n\n\n\n<p>Ministerio P\u00fablico.&nbsp;R.D.<\/p>\n\n\n\n<p>Mi\u00e9rcoles, 24 de mayo de 2023.<\/p>\n","protected":false},"excerpt":{"rendered":"<p>Archivo SANTO DOMINGO, Rep\u00fablica Dominicana.- La Direcci\u00f3n General de Servicios Penitenciarios y Correccionales (DGSPC) inform\u00f3 este mi\u00e9rcoles que la privada de libertad Cristina Virginia Gonz\u00e1lez Hern\u00e1ndez,\u00a0\u00a0de la Operaci\u00f3n Cattleya, recibe los servicios m\u00e9dicos necesarios para tratar su condici\u00f3n de salud.\u00a0 Gonz\u00e1lez Hern\u00e1ndez cumple prisi\u00f3n preventiva en el Centro de Correcci\u00f3n y Rehabilitaci\u00f3n Najayo Mujeres, en [&hellip;]<\/p>\n","protected":false},"author":28,"featured_media":348363,"comment_status":"closed","ping_status":"","sticky":false,"template":"","format":"standard","meta":{"footnotes":""},"categories":[20,24,29],"tags":[],"class_list":["post-442311","post","type-post","status-publish","format-standard","has-post-thumbnail","hentry","category-dominicana-hoy","category-justicia-y-derecho","category-policiasucesos"],"_links":{"self":[{"href":"https:\/\/diariodominicano.com\/index.php?rest_route=\/wp\/v2\/posts\/442311","targetHints":{"allow":["GET"]}}],"collection":[{"href":"https:\/\/diariodominicano.com\/index.php?rest_route=\/wp\/v2\/posts"}],"about":[{"href":"https:\/\/diariodominicano.com\/index.php?rest_route=\/wp\/v2\/types\/post"}],"author":[{"embeddable":true,"href":"https:\/\/diariodominicano.com\/index.php?rest_route=\/wp\/v2\/users\/28"}],"replies":[{"embeddable":true,"href":"https:\/\/diariodominicano.com\/index.php?rest_route=%2Fwp%2Fv2%2Fcomments&post=442311"}],"version-history":[{"count":1,"href":"https:\/\/diariodominicano.com\/index.php?rest_route=\/wp\/v2\/posts\/442311\/revisions"}],"predecessor-version":[{"id":442312,"href":"https:\/\/diariodominicano.com\/index.php?rest_route=\/wp\/v2\/posts\/442311\/revisions\/442312"}],"wp:featuredmedia":[{"embeddable":true,"href":"https:\/\/diariodominicano.com\/index.php?rest_route=\/wp\/v2\/media\/348363"}],"wp:attachment":[{"href":"https:\/\/diariodominicano.com\/index.php?rest_route=%2Fwp%2Fv2%2Fmedia&parent=442311"}],"wp:term":[{"taxonomy":"category","embeddable":true,"href":"https:\/\/diariodominicano.com\/index.php?rest_route=%2Fwp%2Fv2%2Fcategories&post=442311"},{"taxonomy":"post_tag","embeddable":true,"href":"https:\/\/diariodominicano.com\/index.php?rest_route=%2Fwp%2Fv2%2Ftags&post=442311"}],"curies":[{"name":"wp","href":"https:\/\/api.w.org\/{rel}","templated":true}]}}