{"id":44226,"date":"2019-05-06T06:48:12","date_gmt":"2019-05-06T06:48:12","guid":{"rendered":"http:\/\/diariodominicano.ddns.net\/?p=44226"},"modified":"2019-05-06T06:48:12","modified_gmt":"2019-05-06T06:48:12","slug":"a-pleno-solla-hora-de-las-divisiones","status":"publish","type":"post","link":"https:\/\/diariodominicano.com\/?p=44226","title":{"rendered":"A Pleno Sol&#13;&#13;La hora de las divisiones"},"content":{"rendered":"<p><body><\/p>\n<p><strong>Por Manuel Hern\u00e1ndez Villeta<\/strong><\/p>\n<\/p>\n<\/p>\n<p>La crisis interna del sistema pol\u00edtico nacional toca fondo. En el Partido de la Liberaci\u00f3n Dominicana se ampl\u00eda. Y en el Partido Revolucionario Moderna se oculta en una cara de dar largas a una guerra inevitable.<\/p>\n<\/p>\n<p> En el PLD hay una lucha abierta por la reelecci\u00f3n y otras para impedir la reforma Constitucional. Hoy se torna dif\u00edcil vislumbrar el futuro inmediato. Lo real es que un sector del PLD tiene obligatoriamente que aplastar al otro, para poder subsistir.<\/p>\n<\/p>\n<p>Inclusive una negociaci\u00f3n pasa por el doloroso camino de que uno de los grupos acepte la derrota y entregue sus fuerzas a su contrincante. La suerte est\u00e1 echada y la divisi\u00f3n formal solo espera un momento coyuntural para salir de lo soterrado.<\/p>\n<\/p>\n<p>Hay emergentes que est\u00e1n a la espera de que el enfrentamiento de Danilo Medina y Leonel Fern\u00e1ndez no llegue a divisi\u00f3n, sino que ambos se pongan de acuerdo y escojan a un candidato que cuente con el apoyo del m\u00e1ximo liderazgo. Es dif\u00edcil esa situaci\u00f3n, porque significar\u00eda para los dos el comienzo de la decadencia pol\u00edtica.<\/p>\n<\/p>\n<p>En los dos grupos no se ve como salida  pasar el relevo en estas circunstancias. Margarita Cede\u00f1o piensa que puede ser la candidata providencial, y se aleja del equipo pol\u00edtico de Leonel Fern\u00e1ndez. Una estrategia delicada, donde hay mucho, todo, que perder y poco que ganar.<\/p>\n<\/p>\n<p>Leonel es desde ahora presa de su discurso. No puede dar marcha atr\u00e1s si se reforma la Constituci\u00f3n. Manolo Tavarez Justo fue tambi\u00e9n prisionero de su discurso, y cuando la coyuntura present\u00f3 cara no le qued\u00f3 m\u00e1s camino que irse a las escarpadas monta\u00f1as. Leonel buscar\u00eda la candidatura presidencial por un pool de partidos,  y pondr\u00eda tierra aparte del de la Liberaci\u00f3n Dominicana.<\/p>\n<\/p>\n<p>Movimiento arriesgado, pero en Am\u00e9rica Latina hay una renovaci\u00f3n de fuerzas, y es dif\u00edcil ahora determinar si pudiera capear el temporal en un nuevo litoral pol\u00edtico. Lo cierto es que Leonel si no es candidato del PLD, no tiene all\u00ed futuro pol\u00edtico inmediato, y a largo plazo se esfumar\u00e1.<\/p>\n<\/p>\n<p>Todos se juegan en estas elecciones la subsistencia. Para Hip\u00f3lito Mej\u00eda no hay ma\u00f1ana. Ahora o nada. Para Luis Abinader, su perfil no soporta una nueva derrota, y no se podr\u00eda mantener en primera fila sin ser ganador. Todos apuestan a tener un salvavidas en las manos, porque saben que hay nuevas caras que esperan en el banco, y se solidificar\u00e1n dentro de cuatro a\u00f1os.<\/p>\n<\/p>\n<p>No hay pipa de la paz. No hay vuelta atr\u00e1s. Veo que habr\u00e1 reforma constitucional, que Leonel ir\u00e1 en una coalici\u00f3n pol\u00edtica fuera del PLD, y que Hip\u00f3lito y Abinader sacar\u00e1n las espadas y pelear\u00e1n hasta la \u00faltima gota de sudor. Los dem\u00e1s est\u00e1n fuera del juego. Ser\u00e1n aliados, grupos de apoyo  y genuflexi\u00f3n, pero nada m\u00e1s. \u00a1Ay!, se me acab\u00f3 la tinta.<\/p>\n<\/p>\n<h6> 2019-05-06 06:48:12 <\/h6>\n<p><!--\n<link rel=\"stylesheet\" href=\"css\/bootstrap.min.css\">\n\n\n<ul class=\"pagination\">\n\t    \n\t\n\n<li >\n\t<a href='?page_no=705'>Previous<\/a>\n\t<\/li>\n\n\n       \n    \n\n<li><a href='?page_no=1'>1<\/a><\/li>\n\n\n\n<li><a href='?page_no=2'>2<\/a><\/li>\n\n\n\n<li><a>...<\/a><\/li>\n\n\n\n<li><a href='?page_no=704'>704<\/a><\/li>\n\n\n\n<li><a href='?page_no=705'>705<\/a><\/li>\n\n\n\n<li class='active'><a>706<\/a><\/li>\n\n\n\n<li><a href='?page_no=707'>707<\/a><\/li>\n\n\n\n<li><a href='?page_no=708'>708<\/a><\/li>\n\n\n\n<li><a>...<\/a><\/li>\n\n\n\n<li><a href='?page_no=13611'>13611<\/a><\/li>\n\n\n\n<li><a href='?page_no=13612'>13612<\/a><\/li>\n\n    \n\t\n\n<li >\n\t<a href='?page_no=707'>Next<\/a>\n\t<\/li>\n\n\n    \n\n<li><a href='?page_no=13612'>Last &rsaquo;&rsaquo;<\/a><\/li>\n\n<\/ul>\n\n\n--><br \/>\n<\/body><\/p>\n","protected":false},"excerpt":{"rendered":"<p>Por Manuel Hern\u00e1ndez Villeta La crisis interna del sistema pol\u00edtico nacional toca fondo. En el Partido de la Liberaci\u00f3n Dominicana se ampl\u00eda. Y en el Partido Revolucionario Moderna se oculta en una cara de dar largas a una guerra inevitable. En el PLD hay una lucha abierta por la reelecci\u00f3n y otras para impedir la [&hellip;]<\/p>\n","protected":false},"author":3,"featured_media":0,"comment_status":"open","ping_status":"open","sticky":false,"template":"","format":"standard","meta":{"footnotes":""},"categories":[16],"tags":[],"class_list":["post-44226","post","type-post","status-publish","format-standard","hentry","category-opiniones"],"_links":{"self":[{"href":"https:\/\/diariodominicano.com\/index.php?rest_route=\/wp\/v2\/posts\/44226","targetHints":{"allow":["GET"]}}],"collection":[{"href":"https:\/\/diariodominicano.com\/index.php?rest_route=\/wp\/v2\/posts"}],"about":[{"href":"https:\/\/diariodominicano.com\/index.php?rest_route=\/wp\/v2\/types\/post"}],"author":[{"embeddable":true,"href":"https:\/\/diariodominicano.com\/index.php?rest_route=\/wp\/v2\/users\/3"}],"replies":[{"embeddable":true,"href":"https:\/\/diariodominicano.com\/index.php?rest_route=%2Fwp%2Fv2%2Fcomments&post=44226"}],"version-history":[{"count":0,"href":"https:\/\/diariodominicano.com\/index.php?rest_route=\/wp\/v2\/posts\/44226\/revisions"}],"wp:attachment":[{"href":"https:\/\/diariodominicano.com\/index.php?rest_route=%2Fwp%2Fv2%2Fmedia&parent=44226"}],"wp:term":[{"taxonomy":"category","embeddable":true,"href":"https:\/\/diariodominicano.com\/index.php?rest_route=%2Fwp%2Fv2%2Fcategories&post=44226"},{"taxonomy":"post_tag","embeddable":true,"href":"https:\/\/diariodominicano.com\/index.php?rest_route=%2Fwp%2Fv2%2Ftags&post=44226"}],"curies":[{"name":"wp","href":"https:\/\/api.w.org\/{rel}","templated":true}]}}