{"id":442211,"date":"2023-05-24T16:28:54","date_gmt":"2023-05-24T20:28:54","guid":{"rendered":"http:\/\/diariodominicano.com\/?p=442211"},"modified":"2023-05-24T16:28:54","modified_gmt":"2023-05-24T20:28:54","slug":"policia-nacional-apresa-hombre-implicado-en-la-muerte-de-un-joven-en-cienfuegos","status":"publish","type":"post","link":"https:\/\/diariodominicano.com\/?p=442211","title":{"rendered":"Polic\u00eda Nacional apresa hombre implicado en la muerte de un joven en Cienfuegos"},"content":{"rendered":"\n<p>Archivo:<\/p>\n\n\n\n<p><strong>PN Identifica al autor principal\u00a0\u00a0y le hace un llamado de entrega.-<\/strong><\/p>\n\n\n\n<p><strong>Santiago de los Caballeros, 24 de Mayo 2023.-<\/strong>\u00a0Mediante ardua labor de investigaciones y seguimiento por agentes de la Divisi\u00f3n de\u00a0\u00a0Homicidios, de esta Direcci\u00f3n Regional Cibao Central, apresaron  a un joven implicado en la muerte de otro, quien hab\u00eda sido reportado como desaparecido por sus familiares el 21 de este mes y encontrado en estado de descomposici\u00f3n el pasado lunes 22, en unos matorrales\u00a0\u00a0ubicado en el distrito municipal de Santiago Oeste.<\/p>\n\n\n\n<p>El detenido es  Diego Anibal Rodr\u00edguez\u00a0\u00a0Mart\u00ednez, de 19 a\u00f1os, quien fue apresado mediante orden de arresto auto No. 03822-2023, quien admite vinculaci\u00f3n junto a su primo Jos\u00e9 Frailyn Alc\u00e1ntara Mart\u00ednez, apodado El Pelotero y\/o El Mayorcito pr\u00f3fugo, de haber ultimado de varios impactos de bala a Darwin\u00a0\u00a0D\u00edaz\u00a0\u00a0Valerio, dejando el cuerpo en el lugar ya\u00a0\u00a0mencionado por presunta deuda de dinero.<\/p>\n\n\n\n<p>Durante&nbsp;&nbsp;el proceso de investigaci\u00f3n por parte de los agentes actuantes, Rodr\u00edguez&nbsp;&nbsp;Mart\u00ednez admiti\u00f3 haber acompa\u00f1ado al Pelotero, abordando al hoy&nbsp;&nbsp;occiso en un&nbsp;&nbsp;carro, origin\u00e1ndose&nbsp;&nbsp;una discusi\u00f3n, donde se le escap\u00f3 un disparo ocasion\u00e1ndose&nbsp;&nbsp;una&nbsp;&nbsp;herida en una mano, por lo que de manera molesta le realiz\u00f3 a D\u00edaz&nbsp;&nbsp;Valerio, dos impactos que le produjo la muerte.<\/p>\n\n\n\n<p>El veh\u00edculo utilizado para cometer dicha acci\u00f3n il\u00edcita, es el carro marca Hyundai, modelo Sonata Y20, chasis No.KMHEC41LBGA681458, placa A943419, de color gris, el mismo se encuentra en las inmediaciones de esta dotaci\u00f3n policial, incautado por la Polic\u00eda, ocupando en&nbsp;&nbsp;su interior un casquillo y un proyectil 9 mil\u00edmetro, as\u00ed como tambi\u00e9n manchas de sangre.<\/p>\n\n\n\n<p>La Polic\u00eda indic\u00f3, que&nbsp;&nbsp;el pelotero, tras ocasionarse la herida que presenta,&nbsp;&nbsp;fue curado y despachado de un centro hospitalario de esta ciudad, a quien se le hace un llamado de entrega por la v\u00eda que considere pertinente para que responda por el hecho que se le atribuye, ya que es activamente buscado con la orden judicial 03846-2023.<\/p>\n\n\n\n<p>En tanto que Diego Anibal Rodr\u00edguez&nbsp;&nbsp;Mart\u00ednez, se encuentra en poder del Ministerio P\u00fablico para los fines de ley procedentes.<\/p>\n\n\n\n<p><strong>SUBDIRECCION DE COMUNICACIONES ESTRATEGICAS DE LA POLICIA NACIONAL, DIRECCI\u00d3N REGIONAL CIBAO CENTRAL<\/strong><\/p>\n","protected":false},"excerpt":{"rendered":"<p>Archivo: PN Identifica al autor principal\u00a0\u00a0y le hace un llamado de entrega.- Santiago de los Caballeros, 24 de Mayo 2023.-\u00a0Mediante ardua labor de investigaciones y seguimiento por agentes de la Divisi\u00f3n de\u00a0\u00a0Homicidios, de esta Direcci\u00f3n Regional Cibao Central, apresaron a un joven implicado en la muerte de otro, quien hab\u00eda sido reportado como desaparecido por [&hellip;]<\/p>\n","protected":false},"author":28,"featured_media":441065,"comment_status":"closed","ping_status":"","sticky":false,"template":"","format":"standard","meta":{"footnotes":""},"categories":[29],"tags":[],"class_list":["post-442211","post","type-post","status-publish","format-standard","has-post-thumbnail","hentry","category-policiasucesos"],"_links":{"self":[{"href":"https:\/\/diariodominicano.com\/index.php?rest_route=\/wp\/v2\/posts\/442211","targetHints":{"allow":["GET"]}}],"collection":[{"href":"https:\/\/diariodominicano.com\/index.php?rest_route=\/wp\/v2\/posts"}],"about":[{"href":"https:\/\/diariodominicano.com\/index.php?rest_route=\/wp\/v2\/types\/post"}],"author":[{"embeddable":true,"href":"https:\/\/diariodominicano.com\/index.php?rest_route=\/wp\/v2\/users\/28"}],"replies":[{"embeddable":true,"href":"https:\/\/diariodominicano.com\/index.php?rest_route=%2Fwp%2Fv2%2Fcomments&post=442211"}],"version-history":[{"count":1,"href":"https:\/\/diariodominicano.com\/index.php?rest_route=\/wp\/v2\/posts\/442211\/revisions"}],"predecessor-version":[{"id":442212,"href":"https:\/\/diariodominicano.com\/index.php?rest_route=\/wp\/v2\/posts\/442211\/revisions\/442212"}],"wp:featuredmedia":[{"embeddable":true,"href":"https:\/\/diariodominicano.com\/index.php?rest_route=\/wp\/v2\/media\/441065"}],"wp:attachment":[{"href":"https:\/\/diariodominicano.com\/index.php?rest_route=%2Fwp%2Fv2%2Fmedia&parent=442211"}],"wp:term":[{"taxonomy":"category","embeddable":true,"href":"https:\/\/diariodominicano.com\/index.php?rest_route=%2Fwp%2Fv2%2Fcategories&post=442211"},{"taxonomy":"post_tag","embeddable":true,"href":"https:\/\/diariodominicano.com\/index.php?rest_route=%2Fwp%2Fv2%2Ftags&post=442211"}],"curies":[{"name":"wp","href":"https:\/\/api.w.org\/{rel}","templated":true}]}}