{"id":44215,"date":"2019-05-06T06:59:55","date_gmt":"2019-05-06T06:59:55","guid":{"rendered":"http:\/\/diariodominicano.ddns.net\/?p=44215"},"modified":"2019-05-06T06:59:55","modified_gmt":"2019-05-06T06:59:55","slug":"el-pueblo-hablo","status":"publish","type":"post","link":"https:\/\/diariodominicano.com\/?p=44215","title":{"rendered":"\u00a1EL PUEBLO HABL\u00d3!"},"content":{"rendered":"<p><body><\/p>\n<p><strong>FRANKLIN ALMEYDA RANCIER<\/strong><\/p>\n<\/p>\n<p>Los pueblos tienen muchas formas de hablar. Su lenguaje puede ser silencioso o ruidoso; masivo o graneado. Pero siempre, para hacerse sentir. Muchos pretenden hacerlo en su nombre, los que lo logran son l\u00edderes en  los que los pueblos se sienten expresados.<\/p>\n<\/p>\n<p>Un resultado electoral puede ser lo que, dicho en ese lenguaje, el pueblo quiere; eso explica que las elecciones sean la m\u00e9dula del r\u00e9gimen democr\u00e1tico. Siempre, empero, que el proceso sea transparente. Los que creen enga\u00f1ar distorsionando la voluntad popular, acumulan en su contra desconfianza; \u00abganan\u00bb, pero no son respetados..<\/p>\n<\/p>\n<p>Este domingo se reuni\u00f3 una parte significativa del pueblo dominicano, sin poder ir todo el pueblo porque alguien se deb\u00eda quedar cuidando la casa, los ni\u00f1os, los negocios; o porque guarda temor a perder su empleo; quiz\u00e1s por no poder tener para el transporte; pudo ser por la distancia y el tiempo.<\/p>\n<\/p>\n<p>Ah\u00ed en el Centro Ol\u00edmpico y sus alrededores se celebr\u00f3 una fiesta hist\u00f3rica por la democracia y el respeto a la Constituci\u00f3n. Este pueblo ha sido desafiado y se le ha querido amedrentar, su respuesta ha sido hacer respetar lo que hasta ahora se ha logrado avanzar del r\u00e9gimen democr\u00e1tico.<\/p>\n<\/p>\n<p>La decisi\u00f3n del pueblo est\u00e1 expresada en sus diversas formas de organizaci\u00f3n social, pol\u00edtica, religiosa, etc. Las encuestas repiten su sentir, no quiere desbordamiento constitucional. <\/p>\n<\/p>\n<p>El pueblo habl\u00f3 este domingo acompa\u00f1ando  a quien lleva su liderato. Un hombre prudente, con experiencia de Estado y con valor pol\u00edtico, sin ser desafiante. Es de los que no se envenenan guardando en su coraz\u00f3n oportunidades para retaliaciones.<\/p>\n<\/p>\n<p>La mayor expresi\u00f3n del pueblo est\u00e1 en quien traz\u00f3 la raya de Pizarro y proclam\u00f3 \u00abNo hay marcha atr\u00e1s\u00bb. Es, adem\u00e1s, la garant\u00eda del PLD para permanecer y reiniciar el rumbo. En \u00e9l se ha confiado, como se confi\u00f3 en el profesor Bosch, maestro de todos los que fundamos la organizaci\u00f3n gobernante.<\/p>\n<\/p>\n<p>Juan Bosch ense\u00f1\u00f3  a los que hoy debatimos internamente en el PLD, a hacer respetar las normas y valores que consignan la Constituci\u00f3n para sustentar la democraci. El PLD es una organizaci\u00f3n nacida de las entra\u00f1as de la Revoluci\u00f3n de Abril de 1965, la cual fue originada en respuesta al golpe de Estado contra Juan Bosch en 1963, y cuya consigna de ese pueblo en armas fu\u00e9 el \u00abRetorno a la constitucionalidad sin elecciones\u00bb.<\/p>\n<\/p>\n<p>Ud Presidente Medina sabe que es as\u00ed, porque como, igualmente su disc\u00edpulo, ha sido parte del proceso hist\u00f3rico vivido. Sus iniciativas son las que evitar\u00e1n arrastrar al pa\u00eds a una situaci\u00f3n de desobediencia civil, ingobernabilidad y desequilibrio democr\u00e1tico.<\/p>\n<\/p>\n<p>Presidente no se cuestiona sobre su gobierno. Tampoco  sobre su simpat\u00eda pol\u00edtica. Es que Ud., como Presidente, est\u00e1 inhabilitado por la Constituci\u00f3n para presentarse. Lo que ahora propone Ventura Camejo tiene peores consecuencias, porque ser\u00eda forzar su participaci\u00f3n en las primarias desconociendo su inhabilitaci\u00f3n e imponi\u00e9ndose con el aparato del Estado; ser\u00eda irrespetarlo todo.<\/p>\n<\/p>\n<p>En el entorno de los Presidentes se cuelan personas que presionan para quedarse porque s\u00f3lo saben hacer negocios, aprovechando privilegios desde el Poder. El profesor Juan Bosch nos dec\u00eda (\u00bfrecuerda Presidente?) que los negocios son incompatibles con la actividad pol\u00edtica. <\/p>\n<\/p>\n<p>Su perfil, Presidente, el que conozco, es de los que sabe escuchar y no se  deja anillar. Honremos el compromiso hist\u00f3rico y procedamos a esclarecer el camino democr\u00e1tico. <\/p>\n<\/p>\n<p><strong>El autor es miembro del CP del PLD, ex Ministro de Interior y ex Rector de la UASD.<\/strong><\/p>\n<\/p>\n<h6> 2019-05-06 06:59:55 <\/h6>\n<p><!--\n<link rel=\"stylesheet\" href=\"css\/bootstrap.min.css\">\n\n\n<ul class=\"pagination\">\n\t    \n\t\n\n<li >\n\t<a href='?page_no=704'>Previous<\/a>\n\t<\/li>\n\n\n       \n    \n\n<li><a href='?page_no=1'>1<\/a><\/li>\n\n\n\n<li><a href='?page_no=2'>2<\/a><\/li>\n\n\n\n<li><a>...<\/a><\/li>\n\n\n\n<li><a href='?page_no=703'>703<\/a><\/li>\n\n\n\n<li><a href='?page_no=704'>704<\/a><\/li>\n\n\n\n<li class='active'><a>705<\/a><\/li>\n\n\n\n<li><a href='?page_no=706'>706<\/a><\/li>\n\n\n\n<li><a href='?page_no=707'>707<\/a><\/li>\n\n\n\n<li><a>...<\/a><\/li>\n\n\n\n<li><a href='?page_no=13611'>13611<\/a><\/li>\n\n\n\n<li><a href='?page_no=13612'>13612<\/a><\/li>\n\n    \n\t\n\n<li >\n\t<a href='?page_no=706'>Next<\/a>\n\t<\/li>\n\n\n    \n\n<li><a href='?page_no=13612'>Last &rsaquo;&rsaquo;<\/a><\/li>\n\n<\/ul>\n\n\n--><br \/>\n<\/body><\/p>\n","protected":false},"excerpt":{"rendered":"<p>FRANKLIN ALMEYDA RANCIER Los pueblos tienen muchas formas de hablar. Su lenguaje puede ser silencioso o ruidoso; masivo o graneado. Pero siempre, para hacerse sentir. Muchos pretenden hacerlo en su nombre, los que lo logran son l\u00edderes en los que los pueblos se sienten expresados. Un resultado electoral puede ser lo que, dicho en ese [&hellip;]<\/p>\n","protected":false},"author":3,"featured_media":0,"comment_status":"open","ping_status":"open","sticky":false,"template":"","format":"standard","meta":{"footnotes":""},"categories":[16],"tags":[],"class_list":["post-44215","post","type-post","status-publish","format-standard","hentry","category-opiniones"],"_links":{"self":[{"href":"https:\/\/diariodominicano.com\/index.php?rest_route=\/wp\/v2\/posts\/44215","targetHints":{"allow":["GET"]}}],"collection":[{"href":"https:\/\/diariodominicano.com\/index.php?rest_route=\/wp\/v2\/posts"}],"about":[{"href":"https:\/\/diariodominicano.com\/index.php?rest_route=\/wp\/v2\/types\/post"}],"author":[{"embeddable":true,"href":"https:\/\/diariodominicano.com\/index.php?rest_route=\/wp\/v2\/users\/3"}],"replies":[{"embeddable":true,"href":"https:\/\/diariodominicano.com\/index.php?rest_route=%2Fwp%2Fv2%2Fcomments&post=44215"}],"version-history":[{"count":0,"href":"https:\/\/diariodominicano.com\/index.php?rest_route=\/wp\/v2\/posts\/44215\/revisions"}],"wp:attachment":[{"href":"https:\/\/diariodominicano.com\/index.php?rest_route=%2Fwp%2Fv2%2Fmedia&parent=44215"}],"wp:term":[{"taxonomy":"category","embeddable":true,"href":"https:\/\/diariodominicano.com\/index.php?rest_route=%2Fwp%2Fv2%2Fcategories&post=44215"},{"taxonomy":"post_tag","embeddable":true,"href":"https:\/\/diariodominicano.com\/index.php?rest_route=%2Fwp%2Fv2%2Ftags&post=44215"}],"curies":[{"name":"wp","href":"https:\/\/api.w.org\/{rel}","templated":true}]}}