{"id":44204,"date":"2019-05-07T09:51:25","date_gmt":"2019-05-07T09:51:25","guid":{"rendered":"http:\/\/diariodominicano.ddns.net\/?p=44204"},"modified":"2019-05-07T09:51:25","modified_gmt":"2019-05-07T09:51:25","slug":"como-espada-de-damocles","status":"publish","type":"post","link":"https:\/\/diariodominicano.com\/?p=44204","title":{"rendered":"COMO ESPADA DE DAMOCLES"},"content":{"rendered":"<p><body><\/p>\n<p>EL TIRO RAPIDO<\/p>\n<\/p>\n<\/p>\n<p>Como si fuese Espada de Damocles pende de continuo la de FENATRADO sobre el pa\u00eds cada vez  que sus dirigentes encuentran excusa por cualquier motivo para apelar a la huelga como medida de presi\u00f3n, sin importar las consecuencias negativas que pueda acarrear al inter\u00e9s colectivo, y de manera particularmente especial a la econom\u00eda nacional.<\/p>\n<\/p>\n<\/p>\n<p>Los motivos que aducen los dirigentes de la Federaci\u00f3n que agrupa a los  80 mil camioneros supuestamente afiliados a la misma van desde pretender mantener el monopolio en el transporte de mercanc\u00edas desde y hacia los muelles aduciendo alegados \u00abderechos adquiridos\u00bb, hasta oponerse a que empresas privadas puedan disponer de veh\u00edculos propios para mover sus env\u00edos.  <\/p>\n<\/p>\n<\/p>\n<p>En  cada ocasi\u00f3n sus demandas van acompa\u00f1adas del arbitrario bloqueo de los muelles impidiendo la entrada y salida de la carga contando con la por lo general tradicional actitud t\u00edmida que muestran las autoridades frente a sus desmanes.<\/p>\n<\/p>\n<\/p>\n<p>Todav\u00eda persisten en el recuerdo los cuantiosos da\u00f1os ocasionados por la huelga que mantuvo paralizado el transporte de carga a nivel nacional por espacio de tres d\u00edas.  Los perjuicios derivados en aquella ocasi\u00f3n fueron estimados en cien millones de d\u00f3lares, una cifra que para una econom\u00eda como la nuestra representa un da\u00f1o considerable.<\/p>\n<\/p>\n<\/p>\n<p>Ahora a la ya consabida y permanente demanda de la rebaja de los combustibles, apelan a la ins\u00f3lita de protestar por la justa disposici\u00f3n del INTRANT de regular el uso  de los neum\u00e1ticos a fin de garantizar que se encuentren en condiciones adecuadas para transitar con seguridad. Esto implica la prohibici\u00f3n de hacerlo con gomas lisas.<\/p>\n<\/p>\n<\/p>\n<p>A la DIGESSET que viene a ser como el brazo ejecutor de las medidas que adopta el INTRANT le corresponde la misi\u00f3n de dar cumplimiento a esta disposici\u00f3n para lo cual cuenta con los equipos requeridos.  Es otro paso adicional que vale aplaudir y apoyar en el muy complejo prop\u00f3sito de tratar de poner un poco de orden en nuestro ca\u00f3tico tr\u00e1nsito y reducir el elevado n\u00famero de accidentes vehiculares, en los cuales los camiones y equipos pesados presentan una elevada incidencia.<\/p>\n<\/p>\n<\/p>\n<p>Resulta a todas luces ins\u00f3lito que los dirigentes de FENATRADO tomen esa normativa como excusa para amenazar con un nuevo paro del transporte de carga.  Ninguna raz\u00f3n v\u00e1lida justifica que por encima del valor de las vidas humanas que pudieran perderse, los camioneros pretendan circular  sus veh\u00edculos con gomas lisas o defectos mec\u00e1nicos con elevado riesgo de provocar accidentes fatales.<\/p>\n<\/p>\n<\/p>\n<p>Si el gobierno est\u00e1 empe\u00f1ado realmente en dar un m\u00ednimo sentido de organizaci\u00f3n y seguridad al tr\u00e1nsito vehicular lo que motiv\u00f3 la creaci\u00f3n del INTRANT tiene que prestar a este todo el apoyo necesario, comenzando por  poner freno a los desmanes y exigencias inadmisibles de los transportistas que a trav\u00e9s de tantos a\u00f1os y bajo todo los gobiernos, se han manejado como verdaderos \u00abchivos sin ley\u00bb.<\/p>\n<\/p>\n<\/p>\n<\/p>\n<\/p>\n<\/p>\n<\/p>\n<\/p>\n<\/p>\n<\/p>\n<h6> 2019-05-07 09:51:25 <\/h6>\n<p><!--\n<link rel=\"stylesheet\" href=\"css\/bootstrap.min.css\">\n\n\n<ul class=\"pagination\">\n\t    \n\t\n\n<li >\n\t<a href='?page_no=703'>Previous<\/a>\n\t<\/li>\n\n\n       \n    \n\n<li><a href='?page_no=1'>1<\/a><\/li>\n\n\n\n<li><a href='?page_no=2'>2<\/a><\/li>\n\n\n\n<li><a>...<\/a><\/li>\n\n\n\n<li><a href='?page_no=702'>702<\/a><\/li>\n\n\n\n<li><a href='?page_no=703'>703<\/a><\/li>\n\n\n\n<li class='active'><a>704<\/a><\/li>\n\n\n\n<li><a href='?page_no=705'>705<\/a><\/li>\n\n\n\n<li><a href='?page_no=706'>706<\/a><\/li>\n\n\n\n<li><a>...<\/a><\/li>\n\n\n\n<li><a href='?page_no=13611'>13611<\/a><\/li>\n\n\n\n<li><a href='?page_no=13612'>13612<\/a><\/li>\n\n    \n\t\n\n<li >\n\t<a href='?page_no=705'>Next<\/a>\n\t<\/li>\n\n\n    \n\n<li><a href='?page_no=13612'>Last &rsaquo;&rsaquo;<\/a><\/li>\n\n<\/ul>\n\n\n--><br \/>\n<\/body><\/p>\n","protected":false},"excerpt":{"rendered":"<p>EL TIRO RAPIDO Como si fuese Espada de Damocles pende de continuo la de FENATRADO sobre el pa\u00eds cada vez que sus dirigentes encuentran excusa por cualquier motivo para apelar a la huelga como medida de presi\u00f3n, sin importar las consecuencias negativas que pueda acarrear al inter\u00e9s colectivo, y de manera particularmente especial a la [&hellip;]<\/p>\n","protected":false},"author":3,"featured_media":0,"comment_status":"open","ping_status":"open","sticky":false,"template":"","format":"standard","meta":{"footnotes":""},"categories":[16],"tags":[],"class_list":["post-44204","post","type-post","status-publish","format-standard","hentry","category-opiniones"],"_links":{"self":[{"href":"https:\/\/diariodominicano.com\/index.php?rest_route=\/wp\/v2\/posts\/44204","targetHints":{"allow":["GET"]}}],"collection":[{"href":"https:\/\/diariodominicano.com\/index.php?rest_route=\/wp\/v2\/posts"}],"about":[{"href":"https:\/\/diariodominicano.com\/index.php?rest_route=\/wp\/v2\/types\/post"}],"author":[{"embeddable":true,"href":"https:\/\/diariodominicano.com\/index.php?rest_route=\/wp\/v2\/users\/3"}],"replies":[{"embeddable":true,"href":"https:\/\/diariodominicano.com\/index.php?rest_route=%2Fwp%2Fv2%2Fcomments&post=44204"}],"version-history":[{"count":0,"href":"https:\/\/diariodominicano.com\/index.php?rest_route=\/wp\/v2\/posts\/44204\/revisions"}],"wp:attachment":[{"href":"https:\/\/diariodominicano.com\/index.php?rest_route=%2Fwp%2Fv2%2Fmedia&parent=44204"}],"wp:term":[{"taxonomy":"category","embeddable":true,"href":"https:\/\/diariodominicano.com\/index.php?rest_route=%2Fwp%2Fv2%2Fcategories&post=44204"},{"taxonomy":"post_tag","embeddable":true,"href":"https:\/\/diariodominicano.com\/index.php?rest_route=%2Fwp%2Fv2%2Ftags&post=44204"}],"curies":[{"name":"wp","href":"https:\/\/api.w.org\/{rel}","templated":true}]}}