{"id":441838,"date":"2023-05-23T00:17:41","date_gmt":"2023-05-23T04:17:41","guid":{"rendered":"http:\/\/diariodominicano.com\/?p=441838"},"modified":"2023-05-23T00:17:41","modified_gmt":"2023-05-23T04:17:41","slug":"aplazan-para-el-miercoles-conocimiento-de-coercion-a-luis-alberto-brito-implicado-en-muerte-de-joshua-omar-fernandez","status":"publish","type":"post","link":"https:\/\/diariodominicano.com\/?p=441838","title":{"rendered":"Aplazan para el mi\u00e9rcoles conocimiento de coerci\u00f3n a Luis Alberto Brito, implicado en muerte de Joshua Omar Fern\u00e1ndez\u00a0"},"content":{"rendered":"\n<p>Archivo: Luis Alberto Brito Troncoso detenido en Pedernales y trasladado a Santo Domingo.<\/p>\n\n\n\n<p>SANTO DOMINGO, Rep\u00fablica Dominicana.-El Juzgado de Atenci\u00f3n Permanente del Distrito Nacional aplaz\u00f3 para el pr\u00f3ximo mi\u00e9rcoles 24 de mayo, a las 9:00 de la ma\u00f1ana, la audiencia en la que conocer\u00e1 la solicitud de medidas de coerci\u00f3n contra Luis Alberto Brito Troncoso, a quien el Ministerio P\u00fablico le imputa la muerte a balazos del joven Joshua Omar Fern\u00e1ndez Decena.\u00a0<\/p>\n\n\n\n<p>El magistrado Rigoberto Sena adopt\u00f3 la decisi\u00f3n al acoger un pedimento de la defensa t\u00e9cnica del imputado, quien argument\u00f3 que necesita tiempo para conocer el expediente y preparar los presupuestos que permitan realizar la defensa adecuada y obtener la libertad de su defendido.&nbsp;<\/p>\n\n\n\n<p>El hecho en que el que perdi\u00f3 la vida Joshua Omar ocurri\u00f3 la madrugada del 16 de abril pasado, cuando sal\u00eda de la discoteca Bar Kiss, ubicada en la calle Jos\u00e9 Amado Soler, ensanche Naco, Distrito Nacional, donde celebr\u00f3 su cumplea\u00f1os junto a un grupo de amigos.&nbsp;<\/p>\n\n\n\n<p>La instancia con la solicitud de imposici\u00f3n de medida de coerci\u00f3n detalla que Luis Alberto Brito Troncoso se asoci\u00f3 con los imputados Wesly Vicent Carmona Corcino (El Dotolcito), Alison de Jes\u00fas P\u00e9rez Mej\u00eda (Chiquito), presos en Najayo, para cometer el asalto contra Isanel Morel Encarnaci\u00f3n, Alberto Jos\u00e9 Reyes Jim\u00e9nez y Misael Morel Encarnaci\u00f3n y que cuando se retiraban del lugar hicieron varios disparos, uno de los cuales impact\u00f3 a Joshua Fern\u00e1ndez Decena, provoc\u00e1ndole la muerte&nbsp;<\/p>\n\n\n\n<p>Seg\u00fan el acta de levantamiento de cad\u00e1ver realizado por el Instituto Nacional de Ciencias Forenses (Inacif), que figura anexa en el expediente, el joven Joshua Omar falleci\u00f3 debido a heridas por proyectil de arma de fuego en regi\u00f3n frontal izquierda y salida en regi\u00f3n occipital izquierda.&nbsp;<\/p>\n\n\n\n<p>La Fiscal\u00eda del Distrito Nacional, representada por la fiscal litigante Yanit Pujols Casado, solicit\u00f3 al tribunal imponer un a\u00f1o de prisi\u00f3n preventiva al encartado, afirmando que este no ofrece garant\u00eda para presentarse a los actos del procedimiento y someterse a los mismos, en raz\u00f3n de que no cuentan con el arraigo ni los presupuestos suficientes para descartar el peligro de fuga.&nbsp;&nbsp;<\/p>\n\n\n\n<p>El \u00f3rgano acusador otorg\u00f3 al presente caso la calificaci\u00f3n jur\u00eddica de \u201cHomicidio voluntario, robo agravado, uso ilegal de armas de fuego y asociaci\u00f3n de malhechores\u201d, delitos que est\u00e1n tipificados por los art\u00edculos 265, 266, 295, 302, 379 y 385 del C\u00f3digo Penal Dominicano, as\u00ed como los art\u00edculos 66 y 67 de la Ley 631-16 para el Control y Regulaci\u00f3n de Armas, Municiones y Materiales Relacionados.&nbsp;<\/p>\n\n\n\n<p><strong>Direcci\u00f3n General de Comunicaci\u00f3n, Prensa, y RRPP<\/strong><strong><\/strong><\/p>\n\n\n\n<p>Ministerio P\u00fablico.&nbsp;R.D.<\/p>\n\n\n\n<p>Lunes, 22 de mayo de 2023.<\/p>\n","protected":false},"excerpt":{"rendered":"<p>Archivo: Luis Alberto Brito Troncoso detenido en Pedernales y trasladado a Santo Domingo. SANTO DOMINGO, Rep\u00fablica Dominicana.-El Juzgado de Atenci\u00f3n Permanente del Distrito Nacional aplaz\u00f3 para el pr\u00f3ximo mi\u00e9rcoles 24 de mayo, a las 9:00 de la ma\u00f1ana, la audiencia en la que conocer\u00e1 la solicitud de medidas de coerci\u00f3n contra Luis Alberto Brito Troncoso, [&hellip;]<\/p>\n","protected":false},"author":28,"featured_media":441839,"comment_status":"closed","ping_status":"","sticky":true,"template":"","format":"standard","meta":{"footnotes":""},"categories":[24,29,27],"tags":[],"class_list":["post-441838","post","type-post","status-publish","format-standard","has-post-thumbnail","hentry","category-justicia-y-derecho","category-policiasucesos","category-portada"],"_links":{"self":[{"href":"https:\/\/diariodominicano.com\/index.php?rest_route=\/wp\/v2\/posts\/441838","targetHints":{"allow":["GET"]}}],"collection":[{"href":"https:\/\/diariodominicano.com\/index.php?rest_route=\/wp\/v2\/posts"}],"about":[{"href":"https:\/\/diariodominicano.com\/index.php?rest_route=\/wp\/v2\/types\/post"}],"author":[{"embeddable":true,"href":"https:\/\/diariodominicano.com\/index.php?rest_route=\/wp\/v2\/users\/28"}],"replies":[{"embeddable":true,"href":"https:\/\/diariodominicano.com\/index.php?rest_route=%2Fwp%2Fv2%2Fcomments&post=441838"}],"version-history":[{"count":1,"href":"https:\/\/diariodominicano.com\/index.php?rest_route=\/wp\/v2\/posts\/441838\/revisions"}],"predecessor-version":[{"id":441840,"href":"https:\/\/diariodominicano.com\/index.php?rest_route=\/wp\/v2\/posts\/441838\/revisions\/441840"}],"wp:featuredmedia":[{"embeddable":true,"href":"https:\/\/diariodominicano.com\/index.php?rest_route=\/wp\/v2\/media\/441839"}],"wp:attachment":[{"href":"https:\/\/diariodominicano.com\/index.php?rest_route=%2Fwp%2Fv2%2Fmedia&parent=441838"}],"wp:term":[{"taxonomy":"category","embeddable":true,"href":"https:\/\/diariodominicano.com\/index.php?rest_route=%2Fwp%2Fv2%2Fcategories&post=441838"},{"taxonomy":"post_tag","embeddable":true,"href":"https:\/\/diariodominicano.com\/index.php?rest_route=%2Fwp%2Fv2%2Ftags&post=441838"}],"curies":[{"name":"wp","href":"https:\/\/api.w.org\/{rel}","templated":true}]}}