{"id":441836,"date":"2023-05-23T00:07:32","date_gmt":"2023-05-23T04:07:32","guid":{"rendered":"http:\/\/diariodominicano.com\/?p=441836"},"modified":"2023-05-23T00:07:32","modified_gmt":"2023-05-23T04:07:32","slug":"procuraduria-de-medio-ambiente-logro-imposicion-de-medidas-de-coercion-en-contra-de-un-hombre-que-destruyo-50-tareas-de-bosque-en-hato-mayor","status":"publish","type":"post","link":"https:\/\/diariodominicano.com\/?p=441836","title":{"rendered":"Procuradur\u00eda de Medio Ambiente logr\u00f3 imposici\u00f3n de medidas de coerci\u00f3n en contra de un hombre que destruy\u00f3 50 tareas de bosque en Hato Mayor"},"content":{"rendered":"\n<p><\/p>\n\n\n\n<p><strong>SANTO DOMINGO, Rep\u00fablica Dominicana. \u2013<\/strong>\u00a0La Procuradur\u00eda Especializada para la Defensa del Medio Ambiente y los Recursos Naturales (Proedemaren), logr\u00f3 la imposici\u00f3n de medida de coerci\u00f3n consistente en presentaci\u00f3n peri\u00f3dica, impedimento de salida del pa\u00eds y  una garant\u00eda econ\u00f3mica de 15 mil pesos, en contra de un hombre arrestado en flagrante delito mientras quemaba 50 tareas de bosque en la secci\u00f3n Don L\u00f3pez, La Gina de Capote, en la provincia de Hato Mayor.<\/p>\n\n\n\n<p>El Juzgado de la Instrucci\u00f3n del distrito judicial de Hato Mayor, que preside la magistrada Elizabeth Valencia Alcal\u00e1, impuso las medidas de coercitivas en contra de Enestor B\u00e1ez, quien tambi\u00e9n est\u00e1 en libertad bajo la supervisi\u00f3n del se\u00f1or Francisco Alberto Evangelista, quien es garante de que el imputado cumpla con los requerimientos del tribunal.<\/p>\n\n\n\n<p>B\u00e1ez tampoco podr\u00e1 acercarse a la zona afectada, luego de que el tribunal le impusiera una orden de alejamiento, que le proh\u00edbe el acceso, estableciendo que de violar esta disposici\u00f3n se constituye en arresto sin necesidad de solicitarse autorizaci\u00f3n judicial.<\/p>\n\n\n\n<p>B\u00e1ez fue sorprendido en flagrante delito, el pasado 20 de marzo, por agentes del Servicio Nacional de&nbsp; Protecci\u00f3n Ambiental (SENPA), taladrando y quemando \u00e1rboles de diferentes edades y especies, de forma indiscriminada y sin contar con los permisos de las autoridades competentes y en violaci\u00f3n a las leyes ambientales.<\/p>\n\n\n\n<p>Ante las acciones de B\u00e1ez, el Ministerio P\u00fablico, representado en procurador de corte Rafael Morla Puello, adscrito a la Proedeamaren, solicit\u00f3 la imposici\u00f3n de la medida de coerci\u00f3n por la violaci\u00f3n a la Ley General Sobre el Medio Ambiente y los Recursos Naturales, n\u00famero 64-00, en sus art\u00edculos 138 y 140; adem\u00e1s de la Ley Sectorial Forestal de la Rep\u00fablica Dominicana, n\u00famero 57-18, en sus art\u00edculos 138 y 140.<\/p>\n\n\n\n<p>Direcci\u00f3n General de Comunicaci\u00f3n, Prensa, y RRPP<\/p>\n\n\n\n<p>Ministerio P\u00fablico.&nbsp;R.D.<\/p>\n\n\n\n<p>Lunes, 22 de mayo de 2023<\/p>\n","protected":false},"excerpt":{"rendered":"<p>SANTO DOMINGO, Rep\u00fablica Dominicana. \u2013\u00a0La Procuradur\u00eda Especializada para la Defensa del Medio Ambiente y los Recursos Naturales (Proedemaren), logr\u00f3 la imposici\u00f3n de medida de coerci\u00f3n consistente en presentaci\u00f3n peri\u00f3dica, impedimento de salida del pa\u00eds y una garant\u00eda econ\u00f3mica de 15 mil pesos, en contra de un hombre arrestado en flagrante delito mientras quemaba 50 tareas [&hellip;]<\/p>\n","protected":false},"author":28,"featured_media":389250,"comment_status":"closed","ping_status":"","sticky":false,"template":"","format":"standard","meta":{"footnotes":""},"categories":[24,29],"tags":[],"class_list":["post-441836","post","type-post","status-publish","format-standard","has-post-thumbnail","hentry","category-justicia-y-derecho","category-policiasucesos"],"_links":{"self":[{"href":"https:\/\/diariodominicano.com\/index.php?rest_route=\/wp\/v2\/posts\/441836","targetHints":{"allow":["GET"]}}],"collection":[{"href":"https:\/\/diariodominicano.com\/index.php?rest_route=\/wp\/v2\/posts"}],"about":[{"href":"https:\/\/diariodominicano.com\/index.php?rest_route=\/wp\/v2\/types\/post"}],"author":[{"embeddable":true,"href":"https:\/\/diariodominicano.com\/index.php?rest_route=\/wp\/v2\/users\/28"}],"replies":[{"embeddable":true,"href":"https:\/\/diariodominicano.com\/index.php?rest_route=%2Fwp%2Fv2%2Fcomments&post=441836"}],"version-history":[{"count":1,"href":"https:\/\/diariodominicano.com\/index.php?rest_route=\/wp\/v2\/posts\/441836\/revisions"}],"predecessor-version":[{"id":441837,"href":"https:\/\/diariodominicano.com\/index.php?rest_route=\/wp\/v2\/posts\/441836\/revisions\/441837"}],"wp:featuredmedia":[{"embeddable":true,"href":"https:\/\/diariodominicano.com\/index.php?rest_route=\/wp\/v2\/media\/389250"}],"wp:attachment":[{"href":"https:\/\/diariodominicano.com\/index.php?rest_route=%2Fwp%2Fv2%2Fmedia&parent=441836"}],"wp:term":[{"taxonomy":"category","embeddable":true,"href":"https:\/\/diariodominicano.com\/index.php?rest_route=%2Fwp%2Fv2%2Fcategories&post=441836"},{"taxonomy":"post_tag","embeddable":true,"href":"https:\/\/diariodominicano.com\/index.php?rest_route=%2Fwp%2Fv2%2Ftags&post=441836"}],"curies":[{"name":"wp","href":"https:\/\/api.w.org\/{rel}","templated":true}]}}