{"id":441552,"date":"2023-05-21T20:45:27","date_gmt":"2023-05-22T00:45:27","guid":{"rendered":"http:\/\/diariodominicano.com\/?p=441552"},"modified":"2023-05-21T21:09:14","modified_gmt":"2023-05-22T01:09:14","slug":"la-fiscalia-de-sde-y-norte-obtiene-20-anos-de-prision-contra-un-hombre-que-le-quito-la-vida-a-otro-en-los-guaricanos","status":"publish","type":"post","link":"https:\/\/diariodominicano.com\/?p=441552","title":{"rendered":"La Fiscal\u00eda de SDE y Norte obtiene 20 a\u00f1os de prisi\u00f3n contra un hombre que le quit\u00f3 la vida a otro en Los Guaricanos\u00a0"},"content":{"rendered":"\n<p><\/p>\n\n\n\n<p>SANTO DOMINGO NORTE, Rep\u00fablica Dominicana.- La Fiscal\u00eda de Santo Domingo Este y Norte obtuvo una condena de 20 a\u00f1os de prisi\u00f3n en contra de un hombre que le provoc\u00f3 la muerte a otro a causa de heridas de arma blanca, en un hecho ocurrido en el a\u00f1o 2008, en el sector Los Guaricanos.&nbsp;<\/p>\n\n\n\n<p>El Segundo Tribunal Colegiado, integrado por los jueces Josefina Ubiera Guerrero (presidenta) y Yury Cuevas de la Cruz y Ariella Cedano N\u00fa\u00f1ez (miembros), conden\u00f3 a Kelvin Miguel Disla Ruiz, quien deber\u00e1 cumplir la sentencia en la Penitenciar\u00eda Nacional de La Victoria.&nbsp;<\/p>\n\n\n\n<p>Disla Ruiz, quien fue arrestado en el a\u00f1o 2021, tras permanecer pr\u00f3fugo por m\u00e1s de 12 a\u00f1os, fue hallado culpable de ocasionarle la muerte a Henry Antonio Mu\u00f1oz Puello, de 24 a\u00f1os de edad.&nbsp;<\/p>\n\n\n\n<p>El expediente instrumentado por la fiscal litigante Evelyn Pe\u00f1a Quezada establece que en fecha 7 de junio de 2008, aproximadamente a las 10:00 de la noche, d\u00eda en que ocurri\u00f3 el hecho,&nbsp;el hoy occiso se encontraba ingiriendo alcohol en una discoteca ubicada en el Control de Los Guaricanos, mientras que el acusado estaba fuera del centro de diversi\u00f3n en compa\u00f1\u00eda de dos amigos.&nbsp;<\/p>\n\n\n\n<p>Relata que cuando la v\u00edctima decidi\u00f3 salir del lugar fue sorprendido por el hoy procesado, quien, sin mediar palabras, le propin\u00f3 varias estocadas con un cuchillo, caus\u00e1ndole heridas punzopenetrantes en hemit\u00f3rax izquierdo y en el quinto espacio intercostal izquierdo, que le produjeron la muerte, seg\u00fan consta en un certificado m\u00e9dico.&nbsp;<\/p>\n\n\n\n<p>Detalla que tras cometer el hecho el hoy condenado emprendi\u00f3 la huida, siendo arrestado el d\u00eda 28 de febrero de 2021, mediante la orden judicial No. 8140-2008, de fecha 18 de junio de 2008.&nbsp;<\/p>\n\n\n\n<p>El Ministerio P\u00fablico, representado por la fiscal litigante Marlene Roa, durante el juicio demostr\u00f3 con pruebas testimoniales, documentales y periciales que el hoy condenado cometi\u00f3 homicidio voluntario, hecho tipificado y sancionado por los art\u00edculos 295 y 304, p\u00e1rrafo II, del C\u00f3digo Penal Dominicano.&nbsp;<\/p>\n\n\n\n<p><strong>Direcci\u00f3n General de Comunicaci\u00f3n, Prensa, y RRPP<\/strong><strong><\/strong><\/p>\n\n\n\n<p>Ministerio P\u00fablico.&nbsp;R.D.<\/p>\n\n\n\n<p>Domingo, 21 de mayo de 2023.<\/p>\n","protected":false},"excerpt":{"rendered":"<p>SANTO DOMINGO NORTE, Rep\u00fablica Dominicana.- La Fiscal\u00eda de Santo Domingo Este y Norte obtuvo una condena de 20 a\u00f1os de prisi\u00f3n en contra de un hombre que le provoc\u00f3 la muerte a otro a causa de heridas de arma blanca, en un hecho ocurrido en el a\u00f1o 2008, en el sector Los Guaricanos.&nbsp; El Segundo [&hellip;]<\/p>\n","protected":false},"author":28,"featured_media":329468,"comment_status":"closed","ping_status":"","sticky":true,"template":"","format":"standard","meta":{"footnotes":""},"categories":[24,29,27],"tags":[],"class_list":["post-441552","post","type-post","status-publish","format-standard","has-post-thumbnail","hentry","category-justicia-y-derecho","category-policiasucesos","category-portada"],"_links":{"self":[{"href":"https:\/\/diariodominicano.com\/index.php?rest_route=\/wp\/v2\/posts\/441552","targetHints":{"allow":["GET"]}}],"collection":[{"href":"https:\/\/diariodominicano.com\/index.php?rest_route=\/wp\/v2\/posts"}],"about":[{"href":"https:\/\/diariodominicano.com\/index.php?rest_route=\/wp\/v2\/types\/post"}],"author":[{"embeddable":true,"href":"https:\/\/diariodominicano.com\/index.php?rest_route=\/wp\/v2\/users\/28"}],"replies":[{"embeddable":true,"href":"https:\/\/diariodominicano.com\/index.php?rest_route=%2Fwp%2Fv2%2Fcomments&post=441552"}],"version-history":[{"count":3,"href":"https:\/\/diariodominicano.com\/index.php?rest_route=\/wp\/v2\/posts\/441552\/revisions"}],"predecessor-version":[{"id":441570,"href":"https:\/\/diariodominicano.com\/index.php?rest_route=\/wp\/v2\/posts\/441552\/revisions\/441570"}],"wp:featuredmedia":[{"embeddable":true,"href":"https:\/\/diariodominicano.com\/index.php?rest_route=\/wp\/v2\/media\/329468"}],"wp:attachment":[{"href":"https:\/\/diariodominicano.com\/index.php?rest_route=%2Fwp%2Fv2%2Fmedia&parent=441552"}],"wp:term":[{"taxonomy":"category","embeddable":true,"href":"https:\/\/diariodominicano.com\/index.php?rest_route=%2Fwp%2Fv2%2Fcategories&post=441552"},{"taxonomy":"post_tag","embeddable":true,"href":"https:\/\/diariodominicano.com\/index.php?rest_route=%2Fwp%2Fv2%2Ftags&post=441552"}],"curies":[{"name":"wp","href":"https:\/\/api.w.org\/{rel}","templated":true}]}}