{"id":441140,"date":"2023-05-19T16:45:02","date_gmt":"2023-05-19T20:45:02","guid":{"rendered":"http:\/\/diariodominicano.com\/?p=441140"},"modified":"2023-05-19T17:07:11","modified_gmt":"2023-05-19T21:07:11","slug":"condenados-a-30-y-20-anos-de-prision-dos-hombres-que-asesinaron-a-un-vecino-en-barrio-la-puya","status":"publish","type":"post","link":"https:\/\/diariodominicano.com\/?p=441140","title":{"rendered":"Condenados a 30 y 20 a\u00f1os de prisi\u00f3n dos hombres que asesinaron a un vecino en barrio La Puya"},"content":{"rendered":"\n<p><strong>SANTO DOMINGO, Rep\u00fablica Dominicana.-<\/strong>&nbsp;Los jueces del Segundo Tribunal Colegiado del Distrito Nacional condenaron a 30 y 20 a\u00f1os de prisi\u00f3n a los nombrados Carlos Junior Garc\u00eda de los Santos&nbsp; y Smailin de la Cruz Herasme, acusados por el Ministerio P\u00fablico de asesinar a un amigo, en un hecho ocurrido el a\u00f1o pasado en el barrio La Puya, del sector Arroyo Hondo, en el Distrito Nacional.<\/p>\n\n\n\n<p>La investigaci\u00f3n realizada por la fiscal Carolin Junesca de Oleo, destaca que Garc\u00eda de los Santos&nbsp; y De la Cruz Herasme, fueron procesados por el hecho de haber asesinado a balazos al ciudadano Michael Mari\u00f1ez Rosario (Chayanne), a quien habr\u00edan intentado matar dos meses atr\u00e1s, provoc\u00e1ndole varias heridas, motivados por viejas rencillas personales.<\/p>\n\n\n\n<p>El expediente instrumentado por la Fiscal\u00eda del Distrito Nacional establece que el hecho ocurri\u00f3 12 del mes de julio del a\u00f1o 2022, aproximadamente a las 9:00 de la noche, en momentos en que la v\u00edctima se encontraba sentado en la sala de su casa, ubicada en la avenida Vega Real, del sector La Puya, de Arroyo Hondo.<\/p>\n\n\n\n<p>Rese\u00f1a el documento judicial que fue en esas circunstancias que Carlos Junior Garc\u00eda de los Santos y Smailin de la Cruz Herasme sorprendieron a la v\u00edctima, realiz\u00e1ndole m\u00faltiples disparos que le provocaron la muerte e inmediatamente despu\u00e9s cometer el hecho huyeron r\u00e1pidamente del lugar en una motocicleta.<\/p>\n\n\n\n<p>En la audiencia, el fiscal litigante Ernis Josu\u00e9 Mella Medina present\u00f3 al tribunal, integrado por las juezas Yissell Soto, Clara Castillo y Katerine Rubio, las pruebas documentales, periciales y testimoniales con las que demostr\u00f3 que los acusados se asociaron y planearon el crimen, por lo que solicit\u00f3 la penas de 30 y 20 a\u00f1os, para ser cumplida en la Penitenciar\u00eda Nacional La Victoria.<\/p>\n\n\n\n<p>Los hoy condenados fueron encontrados culpables de violar los art\u00edculos 265, 266, 295, 296, 297, 298 y 302 del C\u00f3digo Penal Dominicano, que castigan la asociaci\u00f3n de malhechores y el asesinato, as\u00ed como los art\u00edculos 66 y 67 de la Ley 631-16 para el Control y Regulaci\u00f3n de Armas, Municiones y Materiales Relacionados.<\/p>\n\n\n\n<p><strong>Direcci\u00f3n General de Comunicaci\u00f3n, Prensa, y RRPP<\/strong><\/p>\n\n\n\n<p>Ministerio P\u00fablico.&nbsp;R.D.<\/p>\n\n\n\n<p>Viernes, 19 de mayo de 2023&#8230;<\/p>\n","protected":false},"excerpt":{"rendered":"<p>SANTO DOMINGO, Rep\u00fablica Dominicana.-&nbsp;Los jueces del Segundo Tribunal Colegiado del Distrito Nacional condenaron a 30 y 20 a\u00f1os de prisi\u00f3n a los nombrados Carlos Junior Garc\u00eda de los Santos&nbsp; y Smailin de la Cruz Herasme, acusados por el Ministerio P\u00fablico de asesinar a un amigo, en un hecho ocurrido el a\u00f1o pasado en el barrio [&hellip;]<\/p>\n","protected":false},"author":28,"featured_media":351903,"comment_status":"closed","ping_status":"","sticky":true,"template":"","format":"standard","meta":{"footnotes":""},"categories":[24,29,27],"tags":[],"class_list":["post-441140","post","type-post","status-publish","format-standard","has-post-thumbnail","hentry","category-justicia-y-derecho","category-policiasucesos","category-portada"],"_links":{"self":[{"href":"https:\/\/diariodominicano.com\/index.php?rest_route=\/wp\/v2\/posts\/441140","targetHints":{"allow":["GET"]}}],"collection":[{"href":"https:\/\/diariodominicano.com\/index.php?rest_route=\/wp\/v2\/posts"}],"about":[{"href":"https:\/\/diariodominicano.com\/index.php?rest_route=\/wp\/v2\/types\/post"}],"author":[{"embeddable":true,"href":"https:\/\/diariodominicano.com\/index.php?rest_route=\/wp\/v2\/users\/28"}],"replies":[{"embeddable":true,"href":"https:\/\/diariodominicano.com\/index.php?rest_route=%2Fwp%2Fv2%2Fcomments&post=441140"}],"version-history":[{"count":2,"href":"https:\/\/diariodominicano.com\/index.php?rest_route=\/wp\/v2\/posts\/441140\/revisions"}],"predecessor-version":[{"id":441152,"href":"https:\/\/diariodominicano.com\/index.php?rest_route=\/wp\/v2\/posts\/441140\/revisions\/441152"}],"wp:featuredmedia":[{"embeddable":true,"href":"https:\/\/diariodominicano.com\/index.php?rest_route=\/wp\/v2\/media\/351903"}],"wp:attachment":[{"href":"https:\/\/diariodominicano.com\/index.php?rest_route=%2Fwp%2Fv2%2Fmedia&parent=441140"}],"wp:term":[{"taxonomy":"category","embeddable":true,"href":"https:\/\/diariodominicano.com\/index.php?rest_route=%2Fwp%2Fv2%2Fcategories&post=441140"},{"taxonomy":"post_tag","embeddable":true,"href":"https:\/\/diariodominicano.com\/index.php?rest_route=%2Fwp%2Fv2%2Ftags&post=441140"}],"curies":[{"name":"wp","href":"https:\/\/api.w.org\/{rel}","templated":true}]}}