{"id":441130,"date":"2023-05-19T16:22:51","date_gmt":"2023-05-19T20:22:51","guid":{"rendered":"http:\/\/diariodominicano.com\/?p=441130"},"modified":"2023-05-19T17:09:02","modified_gmt":"2023-05-19T21:09:02","slug":"mp-logra-un-ano-de-prision-preventiva-contra-dos-de-los-imputados-en-muerte-de-un-ciudadano-durante-un-atraco","status":"publish","type":"post","link":"https:\/\/diariodominicano.com\/?p=441130","title":{"rendered":"El Juzgado de Atenci\u00f3n Permanente del Distrito Nacional dict\u00f3 un a\u00f1o de prisi\u00f3n preventiva contra dos de los imputados en muerte de un ciudadano durante un atraco"},"content":{"rendered":"\n<p><strong>SANTO DOMINGO, Rep\u00fablica Dominicana.-<\/strong>&nbsp;Atendiendo a la solicitud realizada por el Ministerio P\u00fablico, el Juzgado de Atenci\u00f3n Permanente del Distrito Nacional dict\u00f3 un a\u00f1o de prisi\u00f3n preventiva, como medida de coerci\u00f3n, en contra de dos hombres involucrados en la muerte de otro, a quien hirieron de bala, durante un atraco efectuado en el sector Ensanche Naco, de la capital dominicana.<\/p>\n\n\n\n<p>El juez Roberto Sena acogi\u00f3 los argumentos presentados por la Fiscal\u00eda del Distrito Nacional, en los cuales se\u00f1al\u00f3 la gravedad del hecho cometido, as\u00ed como el riesgo de que los imputados se sustraigan del proceso, de no ser la prisi\u00f3n preventiva la medida cautelar impuesta a los imputados.<\/p>\n\n\n\n<p>La medida de coerci\u00f3n fue impuesta por el tribunal en contra de Wesly Vicent Carmona y de Alison de Jes\u00fas P\u00e9rez, por la muerte del joven estudiante Joshua Omar Fern\u00e1ndez Decena.<\/p>\n\n\n\n<p>Los hechos ocurrieron el pasado 16 de abril, cuando alrededor de las 02:55 de la madruga el imputado Carmona Corcino, junto a De Jes\u00fas P\u00e9rez y a otro hombre identificado como Luis, quien se encuentra pr\u00f3fugo, se asociaron y cometieron un atraco a punta de pistola en perjuicio de tres personas, a la salida de un centro de diversi\u00f3n en la calle Jos\u00e9 Amado Soler, del sector Ensanche Naco.&nbsp;<\/p>\n\n\n\n<p>Tras despojar a las v\u00edctimas de sus pertenencias, los imputados De Jes\u00fas P\u00e9rez y Luis, realizaron un disparo cada uno, antes de abordar el veh\u00edculo marca Hyundai, modelo Sonata N20, color blanco, en el cual huyeron del lugar, alcanzando a herir en la cabeza a Fern\u00e1ndez Decena, quien se dispon\u00eda, junto a dos acompa\u00f1antes, a abordar su veh\u00edculo para marcharse del lugar, donde hab\u00eda asistido para compartir con sus amigos.<\/p>\n\n\n\n<p>Al recibir la herida de bala, la v\u00edctima fue trasladada al Hospital Salvador B. Gautier, donde falleci\u00f3 a causa de heridas por proyectil de arma de fuego en la regi\u00f3n frontal izquierda y salida en la regi\u00f3n occipital izquierda, conforme al acta de levantamiento de cad\u00e1ver no. 070675, realizada por el Instituto Nacional de Ciencias Forenses (INACIF).<\/p>\n\n\n\n<p>El Ministerio P\u00fablico ha indicado en la calificaci\u00f3n jur\u00eddica provisional, que los hechos cometido por los imputados constituyen una violaci\u00f3n a los art\u00edculos 265, 266, 295, 302, 379 y 385 del C\u00f3digo Penal Dominicano, que castiga la asociaci\u00f3n de malhechores, homicidio y robo agravado.<\/p>\n\n\n\n<p>Por disposici\u00f3n del tribunal, De Jes\u00fas cumplir\u00e1 la medida cautelar en la Penitenciar\u00eda Nacional de La Victoria y Vicent Carmona, en el Centro de Correcci\u00f3n y Rehabilitaci\u00f3n Najayo Hombres.<\/p>\n\n\n\n<p>Comunicaciones PGR<a target=\"_blank\" href=\"mailto:comunicaciones@pgr.gob.do\" rel=\"noreferrer noopener\">comunicaciones@pgr.gob.do<\/a><\/p>\n\n\n\n<p><strong>Direcci\u00f3n General de Comunicaci\u00f3n, Prensa, y RRPP<\/strong><\/p>\n\n\n\n<p>Ministerio P\u00fablico.&nbsp;R.D.<\/p>\n\n\n\n<p>Viernes, 19 de mayo de 2023&#8230;<\/p>\n","protected":false},"excerpt":{"rendered":"<p>SANTO DOMINGO, Rep\u00fablica Dominicana.-&nbsp;Atendiendo a la solicitud realizada por el Ministerio P\u00fablico, el Juzgado de Atenci\u00f3n Permanente del Distrito Nacional dict\u00f3 un a\u00f1o de prisi\u00f3n preventiva, como medida de coerci\u00f3n, en contra de dos hombres involucrados en la muerte de otro, a quien hirieron de bala, durante un atraco efectuado en el sector Ensanche Naco, [&hellip;]<\/p>\n","protected":false},"author":28,"featured_media":398358,"comment_status":"closed","ping_status":"","sticky":true,"template":"","format":"standard","meta":{"footnotes":""},"categories":[24,29,27],"tags":[],"class_list":["post-441130","post","type-post","status-publish","format-standard","has-post-thumbnail","hentry","category-justicia-y-derecho","category-policiasucesos","category-portada"],"_links":{"self":[{"href":"https:\/\/diariodominicano.com\/index.php?rest_route=\/wp\/v2\/posts\/441130","targetHints":{"allow":["GET"]}}],"collection":[{"href":"https:\/\/diariodominicano.com\/index.php?rest_route=\/wp\/v2\/posts"}],"about":[{"href":"https:\/\/diariodominicano.com\/index.php?rest_route=\/wp\/v2\/types\/post"}],"author":[{"embeddable":true,"href":"https:\/\/diariodominicano.com\/index.php?rest_route=\/wp\/v2\/users\/28"}],"replies":[{"embeddable":true,"href":"https:\/\/diariodominicano.com\/index.php?rest_route=%2Fwp%2Fv2%2Fcomments&post=441130"}],"version-history":[{"count":3,"href":"https:\/\/diariodominicano.com\/index.php?rest_route=\/wp\/v2\/posts\/441130\/revisions"}],"predecessor-version":[{"id":441153,"href":"https:\/\/diariodominicano.com\/index.php?rest_route=\/wp\/v2\/posts\/441130\/revisions\/441153"}],"wp:featuredmedia":[{"embeddable":true,"href":"https:\/\/diariodominicano.com\/index.php?rest_route=\/wp\/v2\/media\/398358"}],"wp:attachment":[{"href":"https:\/\/diariodominicano.com\/index.php?rest_route=%2Fwp%2Fv2%2Fmedia&parent=441130"}],"wp:term":[{"taxonomy":"category","embeddable":true,"href":"https:\/\/diariodominicano.com\/index.php?rest_route=%2Fwp%2Fv2%2Fcategories&post=441130"},{"taxonomy":"post_tag","embeddable":true,"href":"https:\/\/diariodominicano.com\/index.php?rest_route=%2Fwp%2Fv2%2Ftags&post=441130"}],"curies":[{"name":"wp","href":"https:\/\/api.w.org\/{rel}","templated":true}]}}