{"id":441064,"date":"2023-05-19T11:41:14","date_gmt":"2023-05-19T15:41:14","guid":{"rendered":"http:\/\/diariodominicano.com\/?p=441064"},"modified":"2023-05-19T11:41:14","modified_gmt":"2023-05-19T15:41:14","slug":"policia-nacional-y-ministerio-publico-capturan-dos-haitianos-acusados-de-homicidio-en-santiago","status":"publish","type":"post","link":"https:\/\/diariodominicano.com\/?p=441064","title":{"rendered":"Polic\u00eda Nacional y Ministerio P\u00fablico capturan dos Haitianos acusados de homicidio en Santiago"},"content":{"rendered":"\n<p>diariodominicano.com<\/p>\n\n\n\n<p><strong>Santiago, R. D., 19 de Mayo del 2023.-<\/strong>\u00a0Tras una ardua labor de inteligencia e investigaci\u00f3n, agentes del Departamento de Homicidios en compa\u00f1\u00eda de representantes del Ministerio P\u00fablico, capturaron en el municipio de Dajab\u00f3n, dos nacionales haitianos acusados de quitarle la vida a un hombre a pedradas, en un hecho ocurrido el d\u00eda 16 del presente mes, en el sector El Calient\u00edsimo del municipio de Tamboril.<\/p>\n\n\n\n<p>Los detenidos fueron identificados como Jean&nbsp;&nbsp;Dumoulin, de 35 a\u00f1os de edad y Jeffson Charles, alias \u201cBobi\u201d&nbsp;&nbsp;de 24, mediante \u00f3rdenes de arrestos No. 03687 y 03688-2023, quienes estaban siendo perseguidos por ultimar a Erinson De Jes\u00fas Peralta, alias \u201cYery\u201d.<\/p>\n\n\n\n<p>De acuerdo al reporte policial, el m\u00f3vil del hecho se produjo cuando asaltaron a De Jes\u00fas, sustray\u00e9ndole la suma de $80,000 mil pesos, una motocicleta y un celular.<\/p>\n\n\n\n<p>A los prevenidos al momento de su detenci\u00f3n les fue ocupada la motocicleta marca tauro, modelo CG 150, de color negro chasis No. TARPCK503GC000652,&nbsp;&nbsp;propiedad del hoy occiso, as\u00ed como tres&nbsp;&nbsp;celulares y la suma de $6,300 pesos en efectivo.<\/p>\n\n\n\n<p>En las pr\u00f3ximas horas los detenidos y lo ocupado ser\u00e1n enviados al Ministerio P\u00fablico para los fines de ley correspondientes.<\/p>\n\n\n\n<p>Fuente:  <strong>OFICINA DE INFORMACION Y COMUNICACIONES ESTRATEGICAS DE LA POLICIA NACIONAL, DIRECION REGIONAL CIBAO CENTRAL<\/strong><\/p>\n","protected":false},"excerpt":{"rendered":"<p>diariodominicano.com Santiago, R. D., 19 de Mayo del 2023.-\u00a0Tras una ardua labor de inteligencia e investigaci\u00f3n, agentes del Departamento de Homicidios en compa\u00f1\u00eda de representantes del Ministerio P\u00fablico, capturaron en el municipio de Dajab\u00f3n, dos nacionales haitianos acusados de quitarle la vida a un hombre a pedradas, en un hecho ocurrido el d\u00eda 16 del [&hellip;]<\/p>\n","protected":false},"author":5,"featured_media":441065,"comment_status":"closed","ping_status":"","sticky":true,"template":"","format":"standard","meta":{"footnotes":""},"categories":[29,27],"tags":[],"class_list":["post-441064","post","type-post","status-publish","format-standard","has-post-thumbnail","hentry","category-policiasucesos","category-portada"],"_links":{"self":[{"href":"https:\/\/diariodominicano.com\/index.php?rest_route=\/wp\/v2\/posts\/441064","targetHints":{"allow":["GET"]}}],"collection":[{"href":"https:\/\/diariodominicano.com\/index.php?rest_route=\/wp\/v2\/posts"}],"about":[{"href":"https:\/\/diariodominicano.com\/index.php?rest_route=\/wp\/v2\/types\/post"}],"author":[{"embeddable":true,"href":"https:\/\/diariodominicano.com\/index.php?rest_route=\/wp\/v2\/users\/5"}],"replies":[{"embeddable":true,"href":"https:\/\/diariodominicano.com\/index.php?rest_route=%2Fwp%2Fv2%2Fcomments&post=441064"}],"version-history":[{"count":1,"href":"https:\/\/diariodominicano.com\/index.php?rest_route=\/wp\/v2\/posts\/441064\/revisions"}],"predecessor-version":[{"id":441066,"href":"https:\/\/diariodominicano.com\/index.php?rest_route=\/wp\/v2\/posts\/441064\/revisions\/441066"}],"wp:featuredmedia":[{"embeddable":true,"href":"https:\/\/diariodominicano.com\/index.php?rest_route=\/wp\/v2\/media\/441065"}],"wp:attachment":[{"href":"https:\/\/diariodominicano.com\/index.php?rest_route=%2Fwp%2Fv2%2Fmedia&parent=441064"}],"wp:term":[{"taxonomy":"category","embeddable":true,"href":"https:\/\/diariodominicano.com\/index.php?rest_route=%2Fwp%2Fv2%2Fcategories&post=441064"},{"taxonomy":"post_tag","embeddable":true,"href":"https:\/\/diariodominicano.com\/index.php?rest_route=%2Fwp%2Fv2%2Ftags&post=441064"}],"curies":[{"name":"wp","href":"https:\/\/api.w.org\/{rel}","templated":true}]}}