{"id":44092,"date":"2019-05-13T07:14:13","date_gmt":"2019-05-13T07:14:13","guid":{"rendered":"http:\/\/diariodominicano.ddns.net\/?p=44092"},"modified":"2019-05-13T07:14:13","modified_gmt":"2019-05-13T07:14:13","slug":"presidente-en-eso-podriamos-estar-de-acuerdo","status":"publish","type":"post","link":"https:\/\/diariodominicano.com\/?p=44092","title":{"rendered":"\u00a1PRESIDENTE EN ESO PODR\u00cdAMOS &#13;ESTAR DE ACUERDO!"},"content":{"rendered":"<p><body><\/p>\n<p><strong>FRANKLIN ALMEYDA RANCIER<\/strong><\/p>\n<\/p>\n<p>Presidente Medina estuvimos en desacuerdo conque por Ley se le impusiera a los partidos c\u00f3mo escoger sus candidatos a cargos de elecci\u00f3n popular. La decisi\u00f3n del Tribunal Constitucional puso las cosas en su lugar. Anul\u00f3 el P\u00e1rrafo III del Art\u00edculo 45 de la Ley de Partidos y redact\u00f3 un texto para  dejar dicho que: <\/p>\n<\/p>\n<p>\u00abPa?rrafo III.- El organismo competente en cada partido, agrupacio?n y movimiento poli?tico de conformidad con la presente ley para decidir el tipo de registro de electores o el padro?n a utilizar en el proceso de seleccio?n de candidatos o candidatas, asi? como la modalidad y me?todo a utilizar en ese proceso de seleccio?n, sera? aquel o aquellos organismos que sen?alen los Estatutos de dichos partidos, agrupaciones o movimientos poli?ticos, siempre y cuando los Estatutos partidarios no vulneren la Constitucio?n y las leyes\u00bb.<\/p>\n<\/p>\n<p>Eso lo sustent\u00f3 el Dr. Leonel Fern\u00e1ndez bajo los argumentos en el derecho constitucional de la libertad de asociaci\u00f3n. En su momento el CP tom\u00f3 la iniciativa de recabar opini\u00f3n de cinco juristas; pero no se lleg\u00f3 a integrar esa comisi\u00f3n de juristas. Sin embargo, 12 de 12 magistrados constitucionalistas han decidido lo que se transcribe arriba. <\/p>\n<\/p>\n<p>Por dem\u00e1s, es oportuno decirle a algunos dirigentes de mi propio partido que andan por ah\u00ed, que no es verdad que en pol\u00edtica se hace lo que conviene.   Deben saber  que los l\u00edmites los consagra la Constituci\u00f3n.<\/p>\n<\/p>\n<p>Es oportuno repetir que el Dr. Leonel Fern\u00e1ndez no se ha opuesto a ning\u00fan tipo de primarias. Ha dicho que la decisi\u00f3n no es impuesta por una ley, sino sujeta a lo que digan sus Estatutos. En consecuencia, cuando se propuso la reuni\u00f3n del Comit\u00e9 Central para, conforme lo ordenado por la Ley de Partidos, decidir la celebraci\u00f3n de primarias abiertas para escoger los candidatos, lo condicion\u00f3 a que fuera ratificado por el Pleno de Delegados del Congreso del Partido.<\/p>\n<\/p>\n<p>Ante la confusi\u00f3n creada, en cuanto a las primarias abiertas, el Dr. Fern\u00e1ndez llev\u00f3 la propuesta al CP para aclarar la decisi\u00f3n. Se acept\u00f3, incluido el Presidente Medina, que lo aprobado fue ir a unas primarias con el padr\u00f3n propio y todos los independientes no inscritos en otros partidos.<\/p>\n<\/p>\n<p>Se trata de evitar la doble votaci\u00f3n. Las primarias (abiertas o cerradas) es un voto directo; los miembros acuden  personalmente a votar. En cambio, las otras modalidades, sean asambleas de delegados o convenciones de delegados, la membres\u00eda vota indirectamente a trav\u00e9s del delegado. Habr\u00eda doble votaci\u00f3n si los que votan indirectamente tambi\u00e9n pueden votar en las primarias.<\/p>\n<\/p>\n<p>Con la decisi\u00f3n del TC podr\u00edamos ponernos de acuerdo. Se puede someter a un Pleno de un Congreso Extraordinario ir a unas primarias con el padr\u00f3n propio y todos los que no figuren en los padrones de los dem\u00e1s partidos pol\u00edticos. <\/p>\n<\/p>\n<p>Mantener el acuerdo (precisado) en ese punto, es una necesidad partidaria, porque, adem\u00e1s, los j\u00f3venes nacidos en 1995 tendr\u00e1n 25 a\u00f1os en el 2020; pero s\u00f3lo ten\u00edan 16 a\u00f1os en el 2011, a\u00f1o en  el que se cerraron las inscripciones en el PLD. Ellos son el 18.5% de los electores, o sea 1 mill\u00f3n 350 mil electores. Puede entenderse que al abrir inscripciones en el PLD, entrar\u00edan. No da tiempo.<\/p>\n<\/p>\n<p>\u00a1Lo procedente es que este lunes lleguemos a un acuerdo en ese punto!<\/p>\n<\/p>\n<p><strong>El autor es miembro del CP del PLD, ex Ministro de Interior y ex Rector de la UASD.<\/strong><\/p>\n<h6> 2019-05-13 07:14:13 <\/h6>\n<p><!--\n<link rel=\"stylesheet\" href=\"css\/bootstrap.min.css\">\n\n\n<ul class=\"pagination\">\n\t    \n\t\n\n<li >\n\t<a href='?page_no=693'>Previous<\/a>\n\t<\/li>\n\n\n       \n    \n\n<li><a href='?page_no=1'>1<\/a><\/li>\n\n\n\n<li><a href='?page_no=2'>2<\/a><\/li>\n\n\n\n<li><a>...<\/a><\/li>\n\n\n\n<li><a href='?page_no=692'>692<\/a><\/li>\n\n\n\n<li><a href='?page_no=693'>693<\/a><\/li>\n\n\n\n<li class='active'><a>694<\/a><\/li>\n\n\n\n<li><a href='?page_no=695'>695<\/a><\/li>\n\n\n\n<li><a href='?page_no=696'>696<\/a><\/li>\n\n\n\n<li><a>...<\/a><\/li>\n\n\n\n<li><a href='?page_no=13611'>13611<\/a><\/li>\n\n\n\n<li><a href='?page_no=13612'>13612<\/a><\/li>\n\n    \n\t\n\n<li >\n\t<a href='?page_no=695'>Next<\/a>\n\t<\/li>\n\n\n    \n\n<li><a href='?page_no=13612'>Last &rsaquo;&rsaquo;<\/a><\/li>\n\n<\/ul>\n\n\n--><br \/>\n<\/body><\/p>\n","protected":false},"excerpt":{"rendered":"<p>FRANKLIN ALMEYDA RANCIER Presidente Medina estuvimos en desacuerdo conque por Ley se le impusiera a los partidos c\u00f3mo escoger sus candidatos a cargos de elecci\u00f3n popular. La decisi\u00f3n del Tribunal Constitucional puso las cosas en su lugar. Anul\u00f3 el P\u00e1rrafo III del Art\u00edculo 45 de la Ley de Partidos y redact\u00f3 un texto para dejar [&hellip;]<\/p>\n","protected":false},"author":3,"featured_media":0,"comment_status":"open","ping_status":"open","sticky":false,"template":"","format":"standard","meta":{"footnotes":""},"categories":[16],"tags":[],"class_list":["post-44092","post","type-post","status-publish","format-standard","hentry","category-opiniones"],"_links":{"self":[{"href":"https:\/\/diariodominicano.com\/index.php?rest_route=\/wp\/v2\/posts\/44092","targetHints":{"allow":["GET"]}}],"collection":[{"href":"https:\/\/diariodominicano.com\/index.php?rest_route=\/wp\/v2\/posts"}],"about":[{"href":"https:\/\/diariodominicano.com\/index.php?rest_route=\/wp\/v2\/types\/post"}],"author":[{"embeddable":true,"href":"https:\/\/diariodominicano.com\/index.php?rest_route=\/wp\/v2\/users\/3"}],"replies":[{"embeddable":true,"href":"https:\/\/diariodominicano.com\/index.php?rest_route=%2Fwp%2Fv2%2Fcomments&post=44092"}],"version-history":[{"count":0,"href":"https:\/\/diariodominicano.com\/index.php?rest_route=\/wp\/v2\/posts\/44092\/revisions"}],"wp:attachment":[{"href":"https:\/\/diariodominicano.com\/index.php?rest_route=%2Fwp%2Fv2%2Fmedia&parent=44092"}],"wp:term":[{"taxonomy":"category","embeddable":true,"href":"https:\/\/diariodominicano.com\/index.php?rest_route=%2Fwp%2Fv2%2Fcategories&post=44092"},{"taxonomy":"post_tag","embeddable":true,"href":"https:\/\/diariodominicano.com\/index.php?rest_route=%2Fwp%2Fv2%2Ftags&post=44092"}],"curies":[{"name":"wp","href":"https:\/\/api.w.org\/{rel}","templated":true}]}}