{"id":440833,"date":"2023-05-18T14:20:42","date_gmt":"2023-05-18T18:20:42","guid":{"rendered":"http:\/\/diariodominicano.com\/?p=440833"},"modified":"2023-05-18T14:20:42","modified_gmt":"2023-05-18T18:20:42","slug":"fiscal-de-sde-obtiene-30-anos-de-prision-en-contra-de-un-hombre-que-mato-a-otro-de-una-punalada","status":"publish","type":"post","link":"https:\/\/diariodominicano.com\/?p=440833","title":{"rendered":"Fiscal de SDE obtiene 30 a\u00f1os de prisi\u00f3n en contra de un hombre que mat\u00f3 a otro de una pu\u00f1alada\u00a0"},"content":{"rendered":"\n<p><\/p>\n\n\n\n<p><strong>SANTO DOMINGO ESTE, Rep\u00fablica Dominicana.\u00a0<\/strong>\u2013 La Fiscal\u00eda de Santo Domingo Este y Norte obtuvo una condena de 30 a\u00f1os de prisi\u00f3n en contra de un hombre, que de una pu\u00f1alada le quit\u00f3 la vida a otro, en un hecho ocurrido el a\u00f1o 2021, en el barrio Maleconcito, Katanga, en el sector Los Minas de este municipio.<\/p>\n\n\n\n<p>El Primer Tribunal Colegiado de esta jurisdicci\u00f3n, que preside la jueza Esperanza Rodr\u00edguez Espinal, dict\u00f3 la sentencia en contra de Gellin Inojosa Mercado, por el hecho cometido en perjuicio del occiso Rub\u00e9n Dar\u00edo Marte Berroa.<\/p>\n\n\n\n<p>El tribunal tambi\u00e9n orden\u00f3 el pago de una indemnizaci\u00f3n de un mill\u00f3n de pesos en favor de la familia del fallecido.<\/p>\n\n\n\n<p>Durante el juicio, el Ministerio P\u00fablico, representado por los fiscales Ignacio Rojas y Francisca Serrulle, demostr\u00f3 a trav\u00e9s de pruebas testimoniales, audiovisuales, documentales y periciales que el hoy condenado viol\u00f3 los art\u00edculos 295, 296, 297, 298 y 302 del C\u00f3digo Penal Dominicano sobre homicidio con premeditaci\u00f3n y asechanza, as\u00ed como tambi\u00e9n los art\u00edculos 83 y 86 de la Ley 631-16, sobre armas municiones y materiales relacionados.<\/p>\n\n\n\n<p>Los hechos ocurrieron mientras el procesado se encontraba ingiriendo bebidas alcoh\u00f3licas y vio pasar por a Marte Berroa por el referido sector y motivado por viejas rencillas, lo sigui\u00f3 hasta alcanzarlo y con un arma blanca que portaba le propin\u00f3 una estocada.<\/p>\n\n\n\n<p>Seg\u00fan el informe m\u00e9dico, la pu\u00f1alada caus\u00f3 a la v\u00edctima una herida corto penetrante en la regi\u00f3n dorsal del costado izquierdo que le produjo la muerte, mientras era socorrido.&nbsp;<\/p>\n\n\n\n<p>El tribunal dictamin\u00f3 que el procesado cumpla condena en la Penitenciar\u00eda Nacional de La Victoria.<\/p>\n\n\n\n<p>Comunicaciones PGR<a target=\"_blank\" href=\"mailto:comunicaciones@pgr.gob.do\" rel=\"noreferrer noopener\">comunicaciones@pgr.gob.do<\/a><\/p>\n\n\n\n<p><strong>Direcci\u00f3n General de Comunicaci\u00f3n, Prensa, y RRPP<\/strong><\/p>\n","protected":false},"excerpt":{"rendered":"<p>SANTO DOMINGO ESTE, Rep\u00fablica Dominicana.\u00a0\u2013 La Fiscal\u00eda de Santo Domingo Este y Norte obtuvo una condena de 30 a\u00f1os de prisi\u00f3n en contra de un hombre, que de una pu\u00f1alada le quit\u00f3 la vida a otro, en un hecho ocurrido el a\u00f1o 2021, en el barrio Maleconcito, Katanga, en el sector Los Minas de este [&hellip;]<\/p>\n","protected":false},"author":28,"featured_media":329468,"comment_status":"closed","ping_status":"","sticky":false,"template":"","format":"standard","meta":{"footnotes":""},"categories":[24,29],"tags":[],"class_list":["post-440833","post","type-post","status-publish","format-standard","has-post-thumbnail","hentry","category-justicia-y-derecho","category-policiasucesos"],"_links":{"self":[{"href":"https:\/\/diariodominicano.com\/index.php?rest_route=\/wp\/v2\/posts\/440833","targetHints":{"allow":["GET"]}}],"collection":[{"href":"https:\/\/diariodominicano.com\/index.php?rest_route=\/wp\/v2\/posts"}],"about":[{"href":"https:\/\/diariodominicano.com\/index.php?rest_route=\/wp\/v2\/types\/post"}],"author":[{"embeddable":true,"href":"https:\/\/diariodominicano.com\/index.php?rest_route=\/wp\/v2\/users\/28"}],"replies":[{"embeddable":true,"href":"https:\/\/diariodominicano.com\/index.php?rest_route=%2Fwp%2Fv2%2Fcomments&post=440833"}],"version-history":[{"count":1,"href":"https:\/\/diariodominicano.com\/index.php?rest_route=\/wp\/v2\/posts\/440833\/revisions"}],"predecessor-version":[{"id":440834,"href":"https:\/\/diariodominicano.com\/index.php?rest_route=\/wp\/v2\/posts\/440833\/revisions\/440834"}],"wp:featuredmedia":[{"embeddable":true,"href":"https:\/\/diariodominicano.com\/index.php?rest_route=\/wp\/v2\/media\/329468"}],"wp:attachment":[{"href":"https:\/\/diariodominicano.com\/index.php?rest_route=%2Fwp%2Fv2%2Fmedia&parent=440833"}],"wp:term":[{"taxonomy":"category","embeddable":true,"href":"https:\/\/diariodominicano.com\/index.php?rest_route=%2Fwp%2Fv2%2Fcategories&post=440833"},{"taxonomy":"post_tag","embeddable":true,"href":"https:\/\/diariodominicano.com\/index.php?rest_route=%2Fwp%2Fv2%2Ftags&post=440833"}],"curies":[{"name":"wp","href":"https:\/\/api.w.org\/{rel}","templated":true}]}}