{"id":440824,"date":"2023-05-18T14:11:19","date_gmt":"2023-05-18T18:11:19","guid":{"rendered":"http:\/\/diariodominicano.com\/?p=440824"},"modified":"2023-05-18T14:11:19","modified_gmt":"2023-05-18T18:11:19","slug":"policia-nacional-localiza-y-recupera-tres-motocicletas-que-habian-sido-sustraidas-en-santiago","status":"publish","type":"post","link":"https:\/\/diariodominicano.com\/?p=440824","title":{"rendered":"Polic\u00eda Nacional localiza y recupera tres motocicletas que hab\u00edan sido sustra\u00eddas en Santiago"},"content":{"rendered":"\n<p><strong>Santiago de los Caballeros, R.D., 18 de Mayo 2023.-<\/strong>\u00a0Tres  motocicletas fueron localizadas y recuperadas por agentes policiales adscritos a la Divisi\u00f3n de Veh\u00edculos Recuperados de la Direcci\u00f3n Regional Cibao Central, mediante seguimiento a denuncias interpuestas por ciudadanos v\u00edctimas de robos en los \u00faltimos d\u00edas en diferentes sectores de esta ciudad.<\/p>\n\n\n\n<p>Entre las motocicletas recuperadas figuran una marca Honda, modelo C50, color plata, chasis No. C500745527, la cual al ser depurada en nuestro centro de c\u00f3mputos figura con denuncia No. 10001-2023-004633, del d\u00eda 11-04-2023, por robo.<\/p>\n\n\n\n<p>Tambi\u00e9n fue recuperada la motocicleta marca X1000, modelo CG150, color negro, chasis No. LF3PCK503BB0293303, al ser depurada en nuestro centro de c\u00f3mputos figura con denuncia No. 10001-2023-006383, del d\u00eda 16-05-2023, por robo.<\/p>\n\n\n\n<p>Por \u00faltimo fue recuperada la motocicleta marca honda, modelo s\u00faper Cub, color azul, chasis No. C50-3030778, al ser depurada en nuestro centro de c\u00f3mputos figura con denuncia de fecha 18-03-2023, por robo.<\/p>\n\n\n\n<p>En cuanto a las&nbsp;&nbsp;motocicletas recuperadas se encuentran en el departamento correspondiente para fines de ley.<\/p>\n\n\n\n<p><strong>SUBDIRECCION DE COMUNICACIONES ESTRATEGICAS DE LA POLICIA NACIONAL, DIRECCI\u00d3N REGIONAL CIBAO CENTRAL<\/strong><\/p>\n","protected":false},"excerpt":{"rendered":"<p>Santiago de los Caballeros, R.D., 18 de Mayo 2023.-\u00a0Tres motocicletas fueron localizadas y recuperadas por agentes policiales adscritos a la Divisi\u00f3n de Veh\u00edculos Recuperados de la Direcci\u00f3n Regional Cibao Central, mediante seguimiento a denuncias interpuestas por ciudadanos v\u00edctimas de robos en los \u00faltimos d\u00edas en diferentes sectores de esta ciudad. Entre las motocicletas recuperadas figuran [&hellip;]<\/p>\n","protected":false},"author":28,"featured_media":440826,"comment_status":"closed","ping_status":"","sticky":true,"template":"","format":"standard","meta":{"footnotes":""},"categories":[29],"tags":[],"class_list":["post-440824","post","type-post","status-publish","format-standard","has-post-thumbnail","hentry","category-policiasucesos"],"_links":{"self":[{"href":"https:\/\/diariodominicano.com\/index.php?rest_route=\/wp\/v2\/posts\/440824","targetHints":{"allow":["GET"]}}],"collection":[{"href":"https:\/\/diariodominicano.com\/index.php?rest_route=\/wp\/v2\/posts"}],"about":[{"href":"https:\/\/diariodominicano.com\/index.php?rest_route=\/wp\/v2\/types\/post"}],"author":[{"embeddable":true,"href":"https:\/\/diariodominicano.com\/index.php?rest_route=\/wp\/v2\/users\/28"}],"replies":[{"embeddable":true,"href":"https:\/\/diariodominicano.com\/index.php?rest_route=%2Fwp%2Fv2%2Fcomments&post=440824"}],"version-history":[{"count":1,"href":"https:\/\/diariodominicano.com\/index.php?rest_route=\/wp\/v2\/posts\/440824\/revisions"}],"predecessor-version":[{"id":440828,"href":"https:\/\/diariodominicano.com\/index.php?rest_route=\/wp\/v2\/posts\/440824\/revisions\/440828"}],"wp:featuredmedia":[{"embeddable":true,"href":"https:\/\/diariodominicano.com\/index.php?rest_route=\/wp\/v2\/media\/440826"}],"wp:attachment":[{"href":"https:\/\/diariodominicano.com\/index.php?rest_route=%2Fwp%2Fv2%2Fmedia&parent=440824"}],"wp:term":[{"taxonomy":"category","embeddable":true,"href":"https:\/\/diariodominicano.com\/index.php?rest_route=%2Fwp%2Fv2%2Fcategories&post=440824"},{"taxonomy":"post_tag","embeddable":true,"href":"https:\/\/diariodominicano.com\/index.php?rest_route=%2Fwp%2Fv2%2Ftags&post=440824"}],"curies":[{"name":"wp","href":"https:\/\/api.w.org\/{rel}","templated":true}]}}