{"id":44081,"date":"2019-05-13T19:19:27","date_gmt":"2019-05-13T19:19:27","guid":{"rendered":"http:\/\/diariodominicano.ddns.net\/?p=44081"},"modified":"2019-05-13T19:19:27","modified_gmt":"2019-05-13T19:19:27","slug":"la-solucion-de-la-crisis-no-es-alinearse-con-estados-unidos","status":"publish","type":"post","link":"https:\/\/diariodominicano.com\/?p=44081","title":{"rendered":"La soluci\u00f3n de la crisis no es alinearse con Estados Unidos"},"content":{"rendered":"<p><body><\/p>\n<p>Leonardo Boff<\/p>\n<p>AM LATINA, 13 de mayo de 2019.-<\/p>\n<\/p>\n<p>El proceso actual de globalizaci\u00f3n revela, a mi modo de ver, dos tendencias b\u00e1sicas: la globalizaci\u00f3n monopolar hegemonizada por Estados Unidos, con el respaldo por las grandes corporaciones econ\u00f3mico-financieras. Marcada por la homogeneizaci\u00f3n de todo. Dicho en un lenguaje pedestre, ser\u00eda una hamburguerizaci\u00f3n del mundo: la misma hamburguesa con la misma f\u00f3rmula, consumida en USA, en Rusia, en Jap\u00f3n, en China y en Brasil.<\/p>\n<\/p>\n<\/p>\n<p>La otra tendencia es multipolar, prev\u00e9 varios polos de poder, con distintos centros decisorios, pero todos dentro de la misma Casa Com\u00fan, una, compleja, amenazada de ruina. China hegemoniza esta tendencia. Predomina la monopolar. El \u00abAmerica first\u00bb de Trump significa \u00abs\u00f3lo Am\u00e9rica\u00bb. S\u00f3lo ella tiene intereses globales ?dicen?, y se arroga el derecho de intervenir all\u00ed donde esos sus intereses est\u00e1n amenazados, o pueden ser extendidos, ya sea mediante guerras directas o delegadas, como Trump pretend\u00eda con Brasil ante la crisis en Venezuela, sin considerar los contratos y leyes internacionales.<\/p>\n<\/p>\n<\/p>\n<p>La estrategia de EEUU, radicalizada despu\u00e9s del atentado a las Torres Gemelas, es garantizar su hegemon\u00eda mundial mediante los medios de destrucci\u00f3n masiva en primer lugar (pueden matar a todo el mundo), y despu\u00e9s por la econom\u00eda capitalista y por la ideolog\u00eda (Hollywood desempe\u00f1a un gran papel en eso), que es una forma de guerra blanda (guerra h\u00edbrida) pero efectiva para conquistar mentes y corazones por la v\u00eda simb\u00f3lica y por el imaginario, bajo el supuesto signo de la democracia y de los derechos humanos.<\/p>\n<\/p>\n<\/p>\n<p>Pero el gran medio de dominaci\u00f3n es la econom\u00eda de car\u00e1cter capitalista neoliberal. \u00c9sta tiene que ser impuesta a todo el mundo (China se dej\u00f3 ganar por ella para fortalecerse econ\u00f3micamente). Esto se hace a trav\u00e9s de las grandes corporaciones globalizadas y sus aliados nacionales. \u00c9sta es la gran arma, pues la otra, la b\u00e9lica, funciona como disuasi\u00f3n y como un espantap\u00e1jaros, pues puede destruir a todos, inclusive a quien la usa.<\/p>\n<\/p>\n<\/p>\n<p>Quien gane la carrera de la innovaci\u00f3n tecnol\u00f3gica, especialmente la militar pero tambi\u00e9n la econ\u00f3mica, conseguir\u00e1 la hegemon\u00eda mundial. \u00bfQu\u00e9 tiene que ver todo esto con la actual situaci\u00f3n pol\u00edtica y econ\u00f3mica de Brasil? Tiene todo que ver. Con el presidente Jair Bolsonaro se hizo una opci\u00f3n clara por la alineaci\u00f3n irrestricta y sin contrapartida con las estrategias de hegemon\u00eda mundial de EEUU.<\/p>\n<\/p>\n<\/p>\n<p>En los altos niveles militares y en las \u00e9lites adineradas se esgrime el siguiente argumento: no tenemos ninguna posibilidad de ser una gran naci\u00f3n, aunque tengamos todas las condiciones objetivas para ello. Hemos llegado tarde, y no participamos del peque\u00f1o grupo que decide los caminos del mundo. Hemos sido colonia y se nos impone una recolonizaci\u00f3n para abastecer de materias primas naturales (commodities) a los pa\u00edses avanzados. Es forzoso incorporarse al m\u00e1s fuerte, en este caso Estados Unidos, como socio agregado con las ventajas econ\u00f3micas concedidas al selecto grupo transnacionalizado que da sustentaci\u00f3n a esta opci\u00f3n. Aqu\u00ed falt\u00f3 una inteligencia m\u00e1s soberana para buscar un camino propio en relaci\u00f3n dial\u00e9ctica con las grandes potencias actuales.<\/p>\n<\/p>\n<\/p>\n<p>Las grandes mayor\u00edas pobres no cuentan. Son ceros econ\u00f3micos. Producen poco y no consumen casi nada. De la dependencia pasan a la prescindencia.<\/p>\n<\/p>\n<\/p>\n<p>\u00bfCu\u00e1l es el cambio que ha ocurrido en Brasil en los \u00faltimos a\u00f1os? La c\u00fapula superior del ej\u00e9rcito, los generales que tienen tropa a su mando (\u00e9stos son los que cuentan) habr\u00edan abrazado esta tesis. Habr\u00edan dejado en segundo plano un proyecto de naci\u00f3n aut\u00f3noma. La seguridad de la cual son responsables estar\u00eda garantizada ahora por EEUU con su aparato militar y sus m\u00e1s de 800 bases militares repartidas por todo el mundo. Esta adhesi\u00f3n implica tambi\u00e9n incorporar la econom\u00eda de cariz liberal (entre nosotros, ultraliberal) y la democracia representativa, aunque sea de baja intensidad.<\/p>\n<\/p>\n<\/p>\n<p>Con el actual Presidente, Brasil ha sido ocupado por los militares. El excapit\u00e1n, hecho jefe de Estado, es la cabeza visible de este proyecto, implantado abruptamente en Brasil. Para esta diligencia se hace necesario debilitar todo lo que nos hace un pa\u00eds-naci\u00f3n: la industria debe entrar en un ritmo lento y ser sustituida por las importaciones; las instituciones con signos democr\u00e1ticos y nacionalistas, mantenidas, pero hechas ineficientes; las universidades p\u00fablicas, desmontadas, para dar lugar a las privadas y asociadas a las grandes empresas, pues \u00e9stas necesitan cuadros formados en ellas para poder funcionar.<\/p>\n<\/p>\n<\/p>\n<p>Las peque\u00f1as peleas internas entre el astr\u00f3logo de Virginia y los militares son irrelevantes. Ambos tienen el mismo proyecto b\u00e1sico de adhesi\u00f3n a Estados Unidos y al neoliberalismo, pero con una diferencia. Los olavistas son toscos, rudos, con un lenguaje vulgar. Los militares acuden con aires de educaci\u00f3n y de civismo, queriendo inspirar confianza, pero tienen el mismo proyecto de base. Tambi\u00e9n la misma adhesi\u00f3n a EEUU. Resignados, admiten que en la nueva guerra fr\u00eda entre EEUU y China, tenemos que optar por EEUU o ser tragados por China, renunciando as\u00ed a un camino soberano en medio de las tensiones entre las grandes potencias.<\/p>\n<\/p>\n<\/p>\n<p>Veo dos v\u00edas de enfrentamiento, entre otras:<\/p>\n<\/p>\n<\/p>\n<p>La v\u00eda ecol\u00f3gica: todos estamos dentro del antropoceno, era en la que el ser humano est\u00e1 desestabilizando aceleradamente todo el sistema-vida y el sistema-Tierra. Los sabios y cient\u00edficos nos advierten que, si no cambiamos, podremos conocer un desastre ecol\u00f3gico social que puede destruir gran parte de la biosfera y de nuestra civilizaci\u00f3n. As\u00ed el propio sistema capitalista y su cultura perder\u00edan sus bases de sustentaci\u00f3n. Los supervivientes tendr\u00edan que pensar en un plan Marshall global para rescatar lo que quedara de la civilizaci\u00f3n y restaurar la vitalidad de la Madre Tierra.<\/p>\n<\/p>\n<\/p>\n<p>La v\u00eda pol\u00edtica: una masiva manifestaci\u00f3n popular, un tsunami de gente en las calles, protestando y rechazando ese modelo anti-pueblo y anti-vida. Los generales se sentir\u00edan atrapados por las acusaciones de anti-patriotismo, provocando una divisi\u00f3n interna entre los que apoyan a las calles y los que se resisten. Los pol\u00edticos lentamente ir\u00edan adhiri\u00e9ndose porque no ver\u00edan otra alternativa. De esta forma podr\u00eda surgir un movimiento alternativo y contrario al orden vigente.<\/p>\n<\/p>\n<\/p>\n<p>Podr\u00eda haber mucha violencia en ambos lados. No ser\u00eda descartable una intervenci\u00f3n norteamericana, ya que sus intereses son globales, especialmente teniendo como objetivo la Amazonia. Queda por saber si Rusia y China tolerar\u00edan esta intervenci\u00f3n. Lo peor que podr\u00eda suceder ser\u00eda crear una especie de Siria en nuestro territorio. El escenario es sombr\u00edo pero no imposible, se sabe que hay halcones en los \u00f3rganos de seguridad que no descartan esa posibilidad.<\/p>\n<\/p>\n<\/p>\n<p>A nosotros nos cabe secundar la v\u00eda pol\u00edtica con los riesgos que implica. No perdamos la oportunidad de confiar en nuestras virtualidades, especialmente en lo que concierne a la riqueza ecol\u00f3gica, y de tener importancia en la determinaci\u00f3n del futuro de la humanidad y del planeta vivo, la Tierra.<\/p>\n<\/p>\n<\/p>\n<p>Lo m\u00e1s importante es presentar una alternativa viable de otro tipo de Brasil, soberano, con una democracia participativa, justo, abierto al mundo y dispuesto, por su capital natural, a ser la mesa puesta para las hambrunas del mundo entero.<\/p>\n<\/p>\n<\/p>\n<p>2019-05-12<\/p>\n<\/p>\n<p>P\u00e1gina de Boff en Koinon\u00eda<\/p>\n<\/p>\n<p>P\u00e1gina de Leonardo Boff<\/p>\n<\/p>\n<\/p>\n<\/p>\n<p>https:\/\/www.alainet.org\/es\/articulo\/199801<\/p>\n<p>Facebook16 Twitter Pinterest LinkedIn WhatsApp Compartir<\/p>\n<p>Del mismo autor<\/p>\n<p>La soluci\u00f3n de la crisis no es alinearse con Estados Unidos    13\/05\/2019<\/p>\n<p>A solu\u00e7\u00e3o da crise est\u00e1 no alinhamento aos EUA?    10\/05\/2019<\/p>\n<p>Ecolog\u00eda en fragmentos: todo est\u00e1 relacionado con todo    06\/05\/2019<\/p>\n<p>Ecologia em fragmentos: as partes no Todo    06\/05\/2019<\/p>\n<p>Amor en tiempos de ira y de odio    29\/04\/2019<\/p>\n<p>Amor em tempos de ira e de \u00f3dio    26\/04\/2019<\/p>\n<p>Resurrecci\u00f3n de un torturado y crucificado: Jes\u00fas de Nazaret    22\/04\/2019<\/p>\n<p>A ressurrei\u00e7\u00e3o de um torturado e crucificado: Jesus de Nazar\u00e9    16\/04\/2019<\/p>\n<p>El alma brasilera est\u00e1 enferma    15\/04\/2019<\/p>\n<p>A alma brasileira est\u00e1 doente    11\/04\/2019<\/p>\n<h6> 2019-05-13 19:19:27 <\/h6>\n<p><!--\n<link rel=\"stylesheet\" href=\"css\/bootstrap.min.css\">\n\n\n<ul class=\"pagination\">\n\t    \n\t\n\n<li >\n\t<a href='?page_no=692'>Previous<\/a>\n\t<\/li>\n\n\n       \n    \n\n<li><a href='?page_no=1'>1<\/a><\/li>\n\n\n\n<li><a href='?page_no=2'>2<\/a><\/li>\n\n\n\n<li><a>...<\/a><\/li>\n\n\n\n<li><a href='?page_no=691'>691<\/a><\/li>\n\n\n\n<li><a href='?page_no=692'>692<\/a><\/li>\n\n\n\n<li class='active'><a>693<\/a><\/li>\n\n\n\n<li><a href='?page_no=694'>694<\/a><\/li>\n\n\n\n<li><a href='?page_no=695'>695<\/a><\/li>\n\n\n\n<li><a>...<\/a><\/li>\n\n\n\n<li><a href='?page_no=13611'>13611<\/a><\/li>\n\n\n\n<li><a href='?page_no=13612'>13612<\/a><\/li>\n\n    \n\t\n\n<li >\n\t<a href='?page_no=694'>Next<\/a>\n\t<\/li>\n\n\n    \n\n<li><a href='?page_no=13612'>Last &rsaquo;&rsaquo;<\/a><\/li>\n\n<\/ul>\n\n\n--><br \/>\n<\/body><\/p>\n","protected":false},"excerpt":{"rendered":"<p>Leonardo Boff AM LATINA, 13 de mayo de 2019.- El proceso actual de globalizaci\u00f3n revela, a mi modo de ver, dos tendencias b\u00e1sicas: la globalizaci\u00f3n monopolar hegemonizada por Estados Unidos, con el respaldo por las grandes corporaciones econ\u00f3mico-financieras. Marcada por la homogeneizaci\u00f3n de todo. Dicho en un lenguaje pedestre, ser\u00eda una hamburguerizaci\u00f3n del mundo: la [&hellip;]<\/p>\n","protected":false},"author":3,"featured_media":0,"comment_status":"open","ping_status":"open","sticky":false,"template":"","format":"standard","meta":{"footnotes":""},"categories":[16],"tags":[],"class_list":["post-44081","post","type-post","status-publish","format-standard","hentry","category-opiniones"],"_links":{"self":[{"href":"https:\/\/diariodominicano.com\/index.php?rest_route=\/wp\/v2\/posts\/44081","targetHints":{"allow":["GET"]}}],"collection":[{"href":"https:\/\/diariodominicano.com\/index.php?rest_route=\/wp\/v2\/posts"}],"about":[{"href":"https:\/\/diariodominicano.com\/index.php?rest_route=\/wp\/v2\/types\/post"}],"author":[{"embeddable":true,"href":"https:\/\/diariodominicano.com\/index.php?rest_route=\/wp\/v2\/users\/3"}],"replies":[{"embeddable":true,"href":"https:\/\/diariodominicano.com\/index.php?rest_route=%2Fwp%2Fv2%2Fcomments&post=44081"}],"version-history":[{"count":0,"href":"https:\/\/diariodominicano.com\/index.php?rest_route=\/wp\/v2\/posts\/44081\/revisions"}],"wp:attachment":[{"href":"https:\/\/diariodominicano.com\/index.php?rest_route=%2Fwp%2Fv2%2Fmedia&parent=44081"}],"wp:term":[{"taxonomy":"category","embeddable":true,"href":"https:\/\/diariodominicano.com\/index.php?rest_route=%2Fwp%2Fv2%2Fcategories&post=44081"},{"taxonomy":"post_tag","embeddable":true,"href":"https:\/\/diariodominicano.com\/index.php?rest_route=%2Fwp%2Fv2%2Ftags&post=44081"}],"curies":[{"name":"wp","href":"https:\/\/api.w.org\/{rel}","templated":true}]}}