{"id":44059,"date":"2019-05-14T23:31:29","date_gmt":"2019-05-14T23:31:29","guid":{"rendered":"http:\/\/diariodominicano.ddns.net\/?p=44059"},"modified":"2019-05-14T23:31:29","modified_gmt":"2019-05-14T23:31:29","slug":"contrasentido","status":"publish","type":"post","link":"https:\/\/diariodominicano.com\/?p=44059","title":{"rendered":"CONTRASENTIDO"},"content":{"rendered":"<p><body><\/p>\n<p>EL TIRO RAPIDO<\/p>\n<\/p>\n<\/p>\n<\/p>\n<p>Conforme se van registrando cada vez mayores avances en el campo de la Medicina, sobre todo preventiva,  van aumentando las expectativas de vida de los seres humanos, salvo en aquellos pa\u00edses y regiones afectados por condiciones de extrema pobreza y marginalidad que no han podido beneficiarse de los mismos  donde resulta corto el promedio de vida.<\/p>\n<\/p>\n<\/p>\n<p>Vivir m\u00e1s a\u00f1os es una aspiraci\u00f3n de la gran mayor\u00eda de los seres humanos.  Lograr extender la expectativa de vida es considerado como uno de los aspectos fundamentales que sirven para medir el  progreso de una sociedad.    Pero vivir m\u00e1s  no siempre representa necesariamente vivir mejor.<\/p>\n<\/p>\n<\/p>\n<p>La expectativa de vida de los dominicanos ha mantenido un ritmo de incremento. Un estudio llevado a cabo por varias instituciones bajo el t\u00edtulo \u00abMisi\u00f3n Rep\u00fablica Dominicana Envejece\u00bb lo deja en evidencia al establecer que mientras en el a\u00f1o 1950 los mayores de sesenta a\u00f1os representaban el 2.7 por ciento de la poblaci\u00f3n para el 2015 esa proporci\u00f3n hab\u00eda aumentado hasta un 6.7 por ciento, es decir dos veces y media m\u00e1s.<\/p>\n<\/p>\n<\/p>\n<p>El revelador estudio proyecta que para el a\u00f1o 2040,  a la vuelta de una sola generaci\u00f3n, la expectativa de vida en nuestro pa\u00eds ser\u00e1 de 78 a\u00f1os para los hombres y 82 para las mujeres.  O sea, que la proporci\u00f3n de envejecientes ser\u00e1 a\u00fan mayor, y que para poder mantener el equilibrio poblacional, y por tanto econ\u00f3mico y social, ser\u00e1 preciso disponer de una mayor cantidad de poblaci\u00f3n joven, y por consiguiente estimular la tasa de natalidad.<\/p>\n<\/p>\n<\/p>\n<p>Ahora bien: aunque parezca un contrasentido el avance y beneficio de poder vivir m\u00e1s a\u00f1os  plantea a su vez problemas que obligan a llevar a cabo indispensables reajustes.  Uno de ellos, implica  extender el rango  para clasificar a la poblaci\u00f3n envejeciente, que ya no ser\u00eda de 60 a\u00f1os sino a una edad mas avanzada, del mismo modo que el de la etapa productiva, es decir el tiempo promedio que se supone que el ser humano en condiciones razonables de salud est\u00e1 en capacidad de trabajar.<\/p>\n<\/p>\n<\/p>\n<p>Ahora mismo, el aumento de la expectativa de vida en relaci\u00f3n a cuando se elabor\u00f3 y fue promulgada la ley de Seguridad Social conllevar\u00e1 necesariamente a que reconociendo el derecho ya adquirido de los asegurados a la fecha de  poder acogerse al retiro a la edad de sesenta a\u00f1os, el de pensionarse para los que entren al sistema en lo adelante tendr\u00e1 que ser extendido a una edad m\u00e1s avanzada.  De lo contrario, la Seguridad Social colapsar\u00eda y no dispondr\u00e1 de suficientes fondos para honrar las pensiones.<\/p>\n<\/p>\n<\/p>\n<p>En otro orden, si bien hay que saludar y considerar como un logro positivo que los dominicanos puedan vivir m\u00e1s a\u00f1os, en el propio sistema de Seguridad Social se da el contrasentido de que en la medida en que el asegurado se acoja a la edad de retiro pierde autom\u00e1ticamente la cobertura de salud, precisamente a una edad en que por obvias razones de desgaste mental y fisiol\u00f3gico el organismo se vuelve m\u00e1s vulnerable y requiere de mayores cuidados m\u00e9dicos.  O sea, que tendremos una mayor cantidad de poblaci\u00f3n envejeciente en estado de abandono y desprotecci\u00f3n, con el consiguiente incremento del nivel de pobreza. <\/p>\n<\/p>\n<\/p>\n<p>El tema del envejecimiento poblacional y los reajustes a que necesariamente conllevar\u00e1, m\u00e1s la necesidad de brindar cobertura de salud y protecci\u00f3n a esa proporci\u00f3n creciente de habitantes pasa a figurar entre los retos m\u00e1s apremiantes de un futuro que est\u00e1 ya a nuestras puertas.<\/p>\n<\/p>\n<\/p>\n<p>Es un fen\u00f3meno que ahora mismo est\u00e1n enfrentando otros pa\u00edses, inclusive de econom\u00eda desarrollada, cuya experiencia pudiera servirnos de gu\u00eda para tomar nuestras propias indispensables y previsoras medidas de soluci\u00f3n.<\/p>\n<\/p>\n<\/p>\n<\/p>\n<\/p>\n<\/p>\n<h6> 2019-05-14 23:31:29 <\/h6>\n<p><!--\n<link rel=\"stylesheet\" href=\"css\/bootstrap.min.css\">\n\n\n<ul class=\"pagination\">\n\t    \n\t\n\n<li >\n\t<a href='?page_no=690'>Previous<\/a>\n\t<\/li>\n\n\n       \n    \n\n<li><a href='?page_no=1'>1<\/a><\/li>\n\n\n\n<li><a href='?page_no=2'>2<\/a><\/li>\n\n\n\n<li><a>...<\/a><\/li>\n\n\n\n<li><a href='?page_no=689'>689<\/a><\/li>\n\n\n\n<li><a href='?page_no=690'>690<\/a><\/li>\n\n\n\n<li class='active'><a>691<\/a><\/li>\n\n\n\n<li><a href='?page_no=692'>692<\/a><\/li>\n\n\n\n<li><a href='?page_no=693'>693<\/a><\/li>\n\n\n\n<li><a>...<\/a><\/li>\n\n\n\n<li><a href='?page_no=13611'>13611<\/a><\/li>\n\n\n\n<li><a href='?page_no=13612'>13612<\/a><\/li>\n\n    \n\t\n\n<li >\n\t<a href='?page_no=692'>Next<\/a>\n\t<\/li>\n\n\n    \n\n<li><a href='?page_no=13612'>Last &rsaquo;&rsaquo;<\/a><\/li>\n\n<\/ul>\n\n\n--><br \/>\n<\/body><\/p>\n","protected":false},"excerpt":{"rendered":"<p>EL TIRO RAPIDO Conforme se van registrando cada vez mayores avances en el campo de la Medicina, sobre todo preventiva, van aumentando las expectativas de vida de los seres humanos, salvo en aquellos pa\u00edses y regiones afectados por condiciones de extrema pobreza y marginalidad que no han podido beneficiarse de los mismos donde resulta corto [&hellip;]<\/p>\n","protected":false},"author":3,"featured_media":0,"comment_status":"open","ping_status":"open","sticky":false,"template":"","format":"standard","meta":{"footnotes":""},"categories":[16],"tags":[],"class_list":["post-44059","post","type-post","status-publish","format-standard","hentry","category-opiniones"],"_links":{"self":[{"href":"https:\/\/diariodominicano.com\/index.php?rest_route=\/wp\/v2\/posts\/44059","targetHints":{"allow":["GET"]}}],"collection":[{"href":"https:\/\/diariodominicano.com\/index.php?rest_route=\/wp\/v2\/posts"}],"about":[{"href":"https:\/\/diariodominicano.com\/index.php?rest_route=\/wp\/v2\/types\/post"}],"author":[{"embeddable":true,"href":"https:\/\/diariodominicano.com\/index.php?rest_route=\/wp\/v2\/users\/3"}],"replies":[{"embeddable":true,"href":"https:\/\/diariodominicano.com\/index.php?rest_route=%2Fwp%2Fv2%2Fcomments&post=44059"}],"version-history":[{"count":0,"href":"https:\/\/diariodominicano.com\/index.php?rest_route=\/wp\/v2\/posts\/44059\/revisions"}],"wp:attachment":[{"href":"https:\/\/diariodominicano.com\/index.php?rest_route=%2Fwp%2Fv2%2Fmedia&parent=44059"}],"wp:term":[{"taxonomy":"category","embeddable":true,"href":"https:\/\/diariodominicano.com\/index.php?rest_route=%2Fwp%2Fv2%2Fcategories&post=44059"},{"taxonomy":"post_tag","embeddable":true,"href":"https:\/\/diariodominicano.com\/index.php?rest_route=%2Fwp%2Fv2%2Ftags&post=44059"}],"curies":[{"name":"wp","href":"https:\/\/api.w.org\/{rel}","templated":true}]}}