{"id":440585,"date":"2023-05-17T13:04:14","date_gmt":"2023-05-17T17:04:14","guid":{"rendered":"http:\/\/diariodominicano.com\/?p=440585"},"modified":"2023-05-17T13:14:51","modified_gmt":"2023-05-17T17:14:51","slug":"policia-nacional-frustro-robo-a-una-estacion-de-combustible-en-santiago-y-ocupo-una-escopeta","status":"publish","type":"post","link":"https:\/\/diariodominicano.com\/?p=440585","title":{"rendered":"Polic\u00eda Nacional\u00a0reporta \u00a0frustr\u00f3 robo\u00a0\u00a0a una estaci\u00f3n de combustible en Santiago\u00a0\u00a0y ocup\u00f3 una escopeta"},"content":{"rendered":"\n<p>Archivo:<\/p>\n\n\n\n<p><strong>Tambi\u00e9n apresaron a  dos hombres por porte ilegal de arma de fuego.-<\/strong><\/p>\n\n\n\n<p><strong>Santiago de los Caballeros, 17 de Mayo 2023.-&nbsp;<\/strong>Durante intervenciones focalizadas en diferentes sectores de esta ciudad, agentes de Investigaciones y de la Polic\u00eda Preventiva, frustraron asalto a una estaci\u00f3n de combustible, ocupando una escopeta y herramientas utilizadas para cometer el hecho, adem\u00e1s apresaron dos hombres por porte ilegal de arma de fuego, ocup\u00e1ndoles&nbsp;&nbsp;una pistola y un rev\u00f3lver, portados sin documentos, inform\u00f3 este mi\u00e9rcoles la Direcci\u00f3n Regional Central, Polic\u00eda Nacional.<\/p>\n\n\n\n<p>De acuerdo al informe policial de los agentes actuantes, lograron frustrar asalto a una estaci\u00f3n de combustible ubicada en la Autopista Duarte, sector Canabacoa, donde desaprensivos mediante ruptura penetraron a dicho lugar, sacando de la oficina la caja fuerte, quienes al notar la presencia policial emprendieron la huida, no logrando realizar el robo.<\/p>\n\n\n\n<p>Agrega adem\u00e1s que durante la inspecci\u00f3n al establecimiento,&nbsp;&nbsp;fue ocupada la escopeta marca Pegasus, modelo TA3000, serie No. 11205251, un pata de cabra y un destornillador, los mismos fueron dejados abandonados por los&nbsp;&nbsp;antisociales.<\/p>\n\n\n\n<p>Entre los detenidos figura,&nbsp;&nbsp;Alberto Grull\u00f3n Toribio, de&nbsp;&nbsp;31 a\u00f1os de edad, residente en el municipio Navarrete, quien fue arrestado mientras se desplazaba por la Autopista Duarte, a bordo del veh\u00edculo marca Toyota, modelo 4Runner, color azul, luciendo un perfil sospechoso, por lo que al ser requisado le fue ocupado en dicho autom\u00f3vil&nbsp;la pistola marca&nbsp;Glock 17, modelo P80&nbsp;&nbsp;calibre 9mm, serie LZR833,&nbsp;con su cargador y 10 c\u00e1psulas, portada sin documentos, adem\u00e1s durante la requisa, se le ocuparon tres&nbsp;&nbsp;celulares y varias&nbsp;&nbsp;prendas.<\/p>\n\n\n\n<p>En otro hecho fue apresado&nbsp;&nbsp;en flagrante delito el nombrado Leivy Antonio Cruz De Le\u00f3n, tras ocuparle el rev\u00f3lver marca Smith &amp; Wesson, calibre 38, serie No. ALD6017, con cuatros c\u00e1psulas, as\u00ed como tambi\u00e9n&nbsp;&nbsp;la cantidad de $15,071&nbsp;&nbsp;pesos en efectivo, momento que este se desplazaba por la calle 6 de Villa Rosa II del sector Cienfuegos, el mismo transitaba a bordo del veh\u00edculo marca Honda modelo CRV, a\u00f1o 2017, color gris.<\/p>\n\n\n\n<p>Los detenidos y las armas ocupadas ser\u00e1n puestos en poder del Ministerio P\u00fablico para los fines legales correspondientes.<\/p>\n\n\n\n<p><strong>SUBDIRECCION DE COMUNICACIONES ESTRATEGICAS DE LA POLICIA NACIONAL, DIRECCI\u00d3N REGIONAL CIBAO CENTRAL<\/strong><\/p>\n","protected":false},"excerpt":{"rendered":"<p>Archivo: Tambi\u00e9n apresaron a dos hombres por porte ilegal de arma de fuego.- Santiago de los Caballeros, 17 de Mayo 2023.-&nbsp;Durante intervenciones focalizadas en diferentes sectores de esta ciudad, agentes de Investigaciones y de la Polic\u00eda Preventiva, frustraron asalto a una estaci\u00f3n de combustible, ocupando una escopeta y herramientas utilizadas para cometer el hecho, adem\u00e1s [&hellip;]<\/p>\n","protected":false},"author":28,"featured_media":409915,"comment_status":"closed","ping_status":"","sticky":true,"template":"","format":"standard","meta":{"footnotes":""},"categories":[24,29,27],"tags":[],"class_list":["post-440585","post","type-post","status-publish","format-standard","has-post-thumbnail","hentry","category-justicia-y-derecho","category-policiasucesos","category-portada"],"_links":{"self":[{"href":"https:\/\/diariodominicano.com\/index.php?rest_route=\/wp\/v2\/posts\/440585","targetHints":{"allow":["GET"]}}],"collection":[{"href":"https:\/\/diariodominicano.com\/index.php?rest_route=\/wp\/v2\/posts"}],"about":[{"href":"https:\/\/diariodominicano.com\/index.php?rest_route=\/wp\/v2\/types\/post"}],"author":[{"embeddable":true,"href":"https:\/\/diariodominicano.com\/index.php?rest_route=\/wp\/v2\/users\/28"}],"replies":[{"embeddable":true,"href":"https:\/\/diariodominicano.com\/index.php?rest_route=%2Fwp%2Fv2%2Fcomments&post=440585"}],"version-history":[{"count":3,"href":"https:\/\/diariodominicano.com\/index.php?rest_route=\/wp\/v2\/posts\/440585\/revisions"}],"predecessor-version":[{"id":440604,"href":"https:\/\/diariodominicano.com\/index.php?rest_route=\/wp\/v2\/posts\/440585\/revisions\/440604"}],"wp:featuredmedia":[{"embeddable":true,"href":"https:\/\/diariodominicano.com\/index.php?rest_route=\/wp\/v2\/media\/409915"}],"wp:attachment":[{"href":"https:\/\/diariodominicano.com\/index.php?rest_route=%2Fwp%2Fv2%2Fmedia&parent=440585"}],"wp:term":[{"taxonomy":"category","embeddable":true,"href":"https:\/\/diariodominicano.com\/index.php?rest_route=%2Fwp%2Fv2%2Fcategories&post=440585"},{"taxonomy":"post_tag","embeddable":true,"href":"https:\/\/diariodominicano.com\/index.php?rest_route=%2Fwp%2Fv2%2Ftags&post=440585"}],"curies":[{"name":"wp","href":"https:\/\/api.w.org\/{rel}","templated":true}]}}