{"id":44048,"date":"2019-05-15T00:31:52","date_gmt":"2019-05-15T00:31:52","guid":{"rendered":"http:\/\/diariodominicano.ddns.net\/?p=44048"},"modified":"2019-05-15T00:31:52","modified_gmt":"2019-05-15T00:31:52","slug":"a-pleno-solel-campo-esta-sepultado","status":"publish","type":"post","link":"https:\/\/diariodominicano.com\/?p=44048","title":{"rendered":"A Pleno Sol&#13;&#13;El campo est\u00e1 sepultado"},"content":{"rendered":"<p><body><\/p>\n<p><strong>Por Manuel Hern\u00e1ndez Villeta<\/strong><\/p>\n<\/p>\n<\/p>\n<p>De un d\u00eda para otro, la Rep\u00fablica Dominicana salt\u00f3 de ser un pa\u00eds eminentemente rural, a caer  en una sociedad urbana, nucleada en tres o cuatro ciudades con la mayor\u00eda poblacional.<\/p>\n<\/p>\n<p>La migraci\u00f3n masiva del campo por parte de las nuevas generaciones, que no tienen devoci\u00f3n  a la tierra, ni deseo de trabajar de sol a sol con la azada y el machete, dej\u00f3 a la campi\u00f1a sin su principal ingrediente,  que era el amor al terru\u00f1o.<\/p>\n<\/p>\n<p>Ayud\u00f3 a cambiar el panorama  de la zona rural y dar paso al  olvido tradicional, las condiciones de vida infrahumanas, la desesperanza, la falta de energ\u00eda el\u00e9ctrica, el agua potable contaminada, la ausencia de mercado para los pocos frutos cosechados, la inexistencia de hospitales y la desaparici\u00f3n de las grandes plantaciones de ca\u00f1a y banano.<\/p>\n<\/p>\n<p>Hoy el campo es territorio de los grandes terratenientes. Ya est\u00e1 sepultado el conuquismo, y la reforma agraria no pas\u00f3 de ser un espejismo, una demagogia de gobiernos que trataban de conseguir el voto de los campesinos.<\/p>\n<\/p>\n<p>El labriego que sale de su campo a las cuatro de la ma\u00f1ana a trabajar hasta que caiga el sol, para extraer un fleje de yuca o una mano de pl\u00e1tano, est\u00e1 abandonado a su suerte. Cuando se habla de desarrollo del campo a ese personaje no se le menciona.<\/p>\n<\/p>\n<p>Hoy lo \u00fanico que sobrevive en el campo es la masiva agroindustria. Maquinarias sofisticadas y hombres para echar el d\u00eda, mal pagos y sin seguridad social. Es tierra f\u00e9rtil para la utilizaci\u00f3n del migrante ilegal haitiano. Pero es hora de hacer revaloraciones y tratar de salvar al campesino dominicano. Nuevas f\u00f3rmulas ante el fracaso de una reforma agraria que fue inoperante, y buscar la manera de atraer a los j\u00f3venes al \u00e1rea rural.<\/p>\n<\/p>\n<p>No puede haber alegr\u00eda cuando se habla de la zona rural. Solo hay que mirar las decenas de barrios marginados surgidos en el Gran Santo Domingo, casi todos sus moradores tienen ra\u00edces rurales, y salieron huyendo a la miseria espantosa en que viv\u00edan.<\/p>\n<\/p>\n<p>Hay que trabajar con los campesinos que todav\u00eda hoy tienen fe en hacer producir la tierra. De c\u00f3mo se le lleve el progreso a esa minor\u00eda, depender\u00e1 el retorno a los predios. Hay que estudiar el fen\u00f3meno de como el campo que era el eje central de la vida nacional a mitad del siglo 20, pas\u00f3 a ser una pieza del recuerdo.<\/p>\n<\/p>\n<p>Las acciones no puede ser demag\u00f3gicas, sino realista. El campo tradicional muri\u00f3, est\u00e1 sepultado. Hoy hay que hacer renacer las esperanzas, a los que  desean dejar la vida en los tugurios de las grandes ciudades, y volver al origen de sus abuelos.  \u00a1Ay!, se me acab\u00f3 la tinta.<\/p>\n<\/p>\n<h6> 2019-05-15 00:31:52 <\/h6>\n<p><!--\n<link rel=\"stylesheet\" href=\"css\/bootstrap.min.css\">\n\n\n<ul class=\"pagination\">\n\t    \n\t\n\n<li >\n\t<a href='?page_no=689'>Previous<\/a>\n\t<\/li>\n\n\n       \n    \n\n<li><a href='?page_no=1'>1<\/a><\/li>\n\n\n\n<li><a href='?page_no=2'>2<\/a><\/li>\n\n\n\n<li><a>...<\/a><\/li>\n\n\n\n<li><a href='?page_no=688'>688<\/a><\/li>\n\n\n\n<li><a href='?page_no=689'>689<\/a><\/li>\n\n\n\n<li class='active'><a>690<\/a><\/li>\n\n\n\n<li><a href='?page_no=691'>691<\/a><\/li>\n\n\n\n<li><a href='?page_no=692'>692<\/a><\/li>\n\n\n\n<li><a>...<\/a><\/li>\n\n\n\n<li><a href='?page_no=13611'>13611<\/a><\/li>\n\n\n\n<li><a href='?page_no=13612'>13612<\/a><\/li>\n\n    \n\t\n\n<li >\n\t<a href='?page_no=691'>Next<\/a>\n\t<\/li>\n\n\n    \n\n<li><a href='?page_no=13612'>Last &rsaquo;&rsaquo;<\/a><\/li>\n\n<\/ul>\n\n\n--><br \/>\n<\/body><\/p>\n","protected":false},"excerpt":{"rendered":"<p>Por Manuel Hern\u00e1ndez Villeta De un d\u00eda para otro, la Rep\u00fablica Dominicana salt\u00f3 de ser un pa\u00eds eminentemente rural, a caer en una sociedad urbana, nucleada en tres o cuatro ciudades con la mayor\u00eda poblacional. La migraci\u00f3n masiva del campo por parte de las nuevas generaciones, que no tienen devoci\u00f3n a la tierra, ni deseo [&hellip;]<\/p>\n","protected":false},"author":3,"featured_media":0,"comment_status":"open","ping_status":"open","sticky":false,"template":"","format":"standard","meta":{"footnotes":""},"categories":[16],"tags":[],"class_list":["post-44048","post","type-post","status-publish","format-standard","hentry","category-opiniones"],"_links":{"self":[{"href":"https:\/\/diariodominicano.com\/index.php?rest_route=\/wp\/v2\/posts\/44048","targetHints":{"allow":["GET"]}}],"collection":[{"href":"https:\/\/diariodominicano.com\/index.php?rest_route=\/wp\/v2\/posts"}],"about":[{"href":"https:\/\/diariodominicano.com\/index.php?rest_route=\/wp\/v2\/types\/post"}],"author":[{"embeddable":true,"href":"https:\/\/diariodominicano.com\/index.php?rest_route=\/wp\/v2\/users\/3"}],"replies":[{"embeddable":true,"href":"https:\/\/diariodominicano.com\/index.php?rest_route=%2Fwp%2Fv2%2Fcomments&post=44048"}],"version-history":[{"count":0,"href":"https:\/\/diariodominicano.com\/index.php?rest_route=\/wp\/v2\/posts\/44048\/revisions"}],"wp:attachment":[{"href":"https:\/\/diariodominicano.com\/index.php?rest_route=%2Fwp%2Fv2%2Fmedia&parent=44048"}],"wp:term":[{"taxonomy":"category","embeddable":true,"href":"https:\/\/diariodominicano.com\/index.php?rest_route=%2Fwp%2Fv2%2Fcategories&post=44048"},{"taxonomy":"post_tag","embeddable":true,"href":"https:\/\/diariodominicano.com\/index.php?rest_route=%2Fwp%2Fv2%2Ftags&post=44048"}],"curies":[{"name":"wp","href":"https:\/\/api.w.org\/{rel}","templated":true}]}}