{"id":440266,"date":"2023-05-16T10:58:12","date_gmt":"2023-05-16T14:58:12","guid":{"rendered":"http:\/\/diariodominicano.com\/?p=440266"},"modified":"2023-05-16T10:58:37","modified_gmt":"2023-05-16T14:58:37","slug":"mirlande-manigat-aboga-por-consenso-en-foro-de-seguridad-en-haiti","status":"publish","type":"post","link":"https:\/\/diariodominicano.com\/?p=440266","title":{"rendered":"Mirlande Manigat aboga por consenso en Foro de Seguridad en Hait\u00ed"},"content":{"rendered":"\n<p>diariodominicano.com<\/p>\n\n\n\n<p>Puerto Pr\u00edncipe, 16 may (Prensa Latina) El Alto Consejo de Transici\u00f3n de Hait\u00ed aplaz\u00f3 el Foro de Seguridad previsto iniciarse hoy en esta capital, sin establecer una fecha precisa para su realizaci\u00f3n.<\/p>\n\n\n\n<div class=\"wp-block-image\"><figure class=\"alignleft size-full\"><img loading=\"lazy\" decoding=\"async\" width=\"267\" height=\"200\" src=\"https:\/\/diariodominicano.com\/wp-content\/uploads\/2023\/05\/mirlande-Manigat-16-5-23.jpg\" alt=\"\" class=\"wp-image-440268\"\/><\/figure><\/div>\n\n\n\n<p>La presidenta de la estructura Mirlande Manigat dijo al diario Le Nouvelliste que se celebrar\u00e1 en los pr\u00f3ximos d\u00edas y prometi\u00f3 confirmar la fecha en breve.<\/p>\n\n\n\n<p>El foro tendr\u00eda como objetivo permitir que los sectores de la vida nacional, incluso aquellos que no se suscribieron al acuerdo del Gobierno para solucionar la crisis, dialoguen sobre las mejores estrategias para restablecer la seguridad en el territorio nacional.<\/p>\n\n\n\n<p>Manigat aboga por alcanzar un consenso amplio que permita crear las condiciones de seguridad y un clima pol\u00edtico necesario para la organizaci\u00f3n de elecciones y traspasar as\u00ed el poder a funcionarios electos.<\/p>\n\n\n\n<p>Hait\u00ed sufre en los \u00faltimos a\u00f1os un auge de la violencia que se precipit\u00f3 tras el asesinato del presidente Jovenel Mo\u00efse y mientras las pandillas controlan de forma efectiva la capital y otras regiones departamentales.<\/p>\n\n\n\n<p>El primer ministro Ariel Henry, quien en julio cumplir\u00e1 dos a\u00f1os de asumir el poder, a\u00fan no pudo cumplir sus promesas de restablecer la paz y crear un consenso capaz de estabilizar la naci\u00f3n caribe\u00f1a.<\/p>\n\n\n\n<p>Mientras, los asesinatos, secuestros y enfrentamientos de pandillas aumentan y el Gobierno no recibe respuestas satisfactorias sobre su petici\u00f3n a la comunidad internacional de desplegar tropas capaces de contener la expansi\u00f3n de las bandas.<\/p>\n\n\n\n<p>En lo que va de a\u00f1o, Naciones Unidas y organizaciones locales de derechos humanos reportaron m\u00e1s de dos mil asesinatos, secuestros y heridos por la acci\u00f3n de los grupos armados, a lo cual se suma la operaci\u00f3n popular Bwa Kale que lincha a supuestos miembros de bandas, en una espiral violenta que amenaza los cimientos mismos de la naci\u00f3n.<\/p>\n\n\n\n<p>mem\/ane<\/p>\n\n\n\n<p><\/p>\n","protected":false},"excerpt":{"rendered":"<p>diariodominicano.com Puerto Pr\u00edncipe, 16 may (Prensa Latina) El Alto Consejo de Transici\u00f3n de Hait\u00ed aplaz\u00f3 el Foro de Seguridad previsto iniciarse hoy en esta capital, sin establecer una fecha precisa para su realizaci\u00f3n. La presidenta de la estructura Mirlande Manigat dijo al diario Le Nouvelliste que se celebrar\u00e1 en los pr\u00f3ximos d\u00edas y prometi\u00f3 confirmar [&hellip;]<\/p>\n","protected":false},"author":5,"featured_media":440267,"comment_status":"closed","ping_status":"","sticky":true,"template":"","format":"standard","meta":{"footnotes":""},"categories":[112,23,27],"tags":[],"class_list":["post-440266","post","type-post","status-publish","format-standard","has-post-thumbnail","hentry","category-haiti","category-internacional","category-portada"],"_links":{"self":[{"href":"https:\/\/diariodominicano.com\/index.php?rest_route=\/wp\/v2\/posts\/440266","targetHints":{"allow":["GET"]}}],"collection":[{"href":"https:\/\/diariodominicano.com\/index.php?rest_route=\/wp\/v2\/posts"}],"about":[{"href":"https:\/\/diariodominicano.com\/index.php?rest_route=\/wp\/v2\/types\/post"}],"author":[{"embeddable":true,"href":"https:\/\/diariodominicano.com\/index.php?rest_route=\/wp\/v2\/users\/5"}],"replies":[{"embeddable":true,"href":"https:\/\/diariodominicano.com\/index.php?rest_route=%2Fwp%2Fv2%2Fcomments&post=440266"}],"version-history":[{"count":2,"href":"https:\/\/diariodominicano.com\/index.php?rest_route=\/wp\/v2\/posts\/440266\/revisions"}],"predecessor-version":[{"id":440270,"href":"https:\/\/diariodominicano.com\/index.php?rest_route=\/wp\/v2\/posts\/440266\/revisions\/440270"}],"wp:featuredmedia":[{"embeddable":true,"href":"https:\/\/diariodominicano.com\/index.php?rest_route=\/wp\/v2\/media\/440267"}],"wp:attachment":[{"href":"https:\/\/diariodominicano.com\/index.php?rest_route=%2Fwp%2Fv2%2Fmedia&parent=440266"}],"wp:term":[{"taxonomy":"category","embeddable":true,"href":"https:\/\/diariodominicano.com\/index.php?rest_route=%2Fwp%2Fv2%2Fcategories&post=440266"},{"taxonomy":"post_tag","embeddable":true,"href":"https:\/\/diariodominicano.com\/index.php?rest_route=%2Fwp%2Fv2%2Ftags&post=440266"}],"curies":[{"name":"wp","href":"https:\/\/api.w.org\/{rel}","templated":true}]}}