{"id":44014,"date":"2019-05-16T09:49:59","date_gmt":"2019-05-16T09:49:59","guid":{"rendered":"http:\/\/diariodominicano.ddns.net\/?p=44014"},"modified":"2019-05-16T09:49:59","modified_gmt":"2019-05-16T09:49:59","slug":"reunion-del-g20-evitara-la-guerra-entre-ee-uu-e-iran","status":"publish","type":"post","link":"https:\/\/diariodominicano.com\/?p=44014","title":{"rendered":"Reuni\u00f3n del G20, \u00bfevitar\u00e1 la guerra entre EE.UU. e Ir\u00e1n?"},"content":{"rendered":"<p><body><\/p>\n<p><strong>Manuel D\u00edaz Aponte   <\/strong><\/p>\n<\/p>\n<p>Casi siempre cuando se re\u00fanen los l\u00edderes m\u00e1s poderosos del mundo hay un conflicto en evoluci\u00f3n o por surgir. Parecer\u00eda que no podemos vivir en paz. <\/p>\n<\/p>\n<p>La din\u00e1mica de la sociedad es cambiante, activa, renovadora y frecuentemente conflictiva.<\/p>\n<\/p>\n<p>Sin embargo, en muchas ocasiones nos preguntamos \u00bfser\u00e1 que la humanidad nunca vivir\u00e1 en armon\u00eda y alejada de las guerras?<\/p>\n<\/p>\n<p>Estados Unidos e Ir\u00e1n nuevamente est\u00e1n al filo de una confrontaci\u00f3n armada de consecuencias inciertas para la estabilidad mundial. Tal vez, el escenario de la Cumbre del G20, a efectuarse en Osaka, Jap\u00f3n, evite una posible cat\u00e1strofe.<\/p>\n<\/p>\n<p>All\u00ed estar\u00e1n presentes los principales l\u00edderes del planeta que dirigen y controlan la pol\u00edtica, la econom\u00eda, las estructuras armamentistas y hasta el ciberespacio.<\/p>\n<\/p>\n<p>Por primera vez Jap\u00f3n ostenta la presidencia del G20 y por esa raz\u00f3n, la ciudad de Osaka, recibir\u00e1 entre el 28 y 29 de junio a los mandatarios de las principales econom\u00edas mundiales.<\/p>\n<\/p>\n<p>Estamos a tiempo todav\u00eda de evitar que la regi\u00f3n del Medio Oriente arda en llamas ante los mort\u00edferos misiles que tienen Ir\u00e1n, Israel, Paquist\u00e1n, Irak, Turqu\u00eda, Palestina, Arabia Saudita, Egipto, Siria y Jordania entre otros.<\/p>\n<\/p>\n<p>Si finalmente Donald Trump, presidente de Estados Unidos, aprueba disparar contra el territorio de Ir\u00e1n habr\u00e1 una respuesta de China y Rusia, dos poderosos aliados y defensores del r\u00e9gimen Iran\u00ed.<\/p>\n<\/p>\n<p>El gobierno chino es el principal comprador de petr\u00f3leo que tiene Ir\u00e1n y desde hace tiempo Washington viene presionando para que cese ese intercambio comercial.<\/p>\n<\/p>\n<p>En cambio, el presidente Xi Jinping ha defendido los v\u00ednculos comerciales y pol\u00edticos que mantiene su pa\u00eds con las autoridades iran\u00edes.<\/p>\n<\/p>\n<p>En marzo pasado las importaciones chinas de petr\u00f3leo iran\u00ed alcanzaron 2,3 millones de toneladas m\u00e9tricas de petr\u00f3leo, la cifra m\u00e1s alta desde agosto de 2018, seg\u00fan datos revelados por la Administraci\u00f3n General de Aduanas de China. <\/p>\n<\/p>\n<p>Tambi\u00e9n se ha incrementado en 6,2 por ciento el volumen de barriles de crudo iran\u00ed importados por el gigante asi\u00e1tico, cifras dadas a conocer d\u00edas despu\u00e9s de que la Casa Blanca amenazara a los compradores de petr\u00f3leo iran\u00ed con sanciones sino deten\u00edan sus compras antes del primero de mayo.<\/p>\n<\/p>\n<p>Otros pa\u00edses que compran petr\u00f3leo iran\u00ed son Italia; Turqu\u00eda, Corea del Sur, Jap\u00f3n, Grecia, La India y Taiw\u00e1n. A todos ellos, Washington ha tratado de \u00abconvencer\u00bb para que dejen de comercializar con Ir\u00e1n.  <\/p>\n<\/p>\n<p>China se opone radicalmente a sanciones unilaterales por parte de EE.UU. contra el r\u00e9gimen de Teher\u00e1n y ha sugerido buscar una salida a trav\u00e9s de los organismos internacionales, especialmente en lo relativo al retorno al Tratado de Control de Armas Nucleares.  <\/p>\n<\/p>\n<p>En citada cumbre del G20 a realizarse en Osaka se estrechar\u00e1n las manos los presidentes de Estados Unidos, Donald Trump; de Rusia, Vladimir Putin y de China, Xi Jinping, las tres potencias que dominan el escenario mundial.<\/p>\n<\/p>\n<p>Trump y Putin de seguro que hablaran entre otros temas de la situaci\u00f3n venezolana, que cada d\u00eda genera mayores inquietudes por lo que podr\u00eda generar en el futuro inmediato.<\/p>\n<\/p>\n<p>Washington busca afanosamente que los rusos decidan persuadir a Nicol\u00e1s Maduro para que salga del poder antes de que all\u00ed se produzca una eventual intervenci\u00f3n armada de tropas estadounidenses.<\/p>\n<\/p>\n<p>Por otro lado, ha \u00abdisminuido\u00bb la intensidad de la discordia entre Estados Unidos y Corea del Norte, aunque recientemente el gobierno de Kim Jong-un lanz\u00f3 nuevos  misiles en los mares asi\u00e1ticos.   <\/p>\n<\/p>\n<p>Se espera una tercera cumbre entre Trump y Kim, que todav\u00eda no tiene fecha ni lugar para su posible materializaci\u00f3n.<\/p>\n<\/p>\n<p>Guerra Comercial<\/p>\n<\/p>\n<p>La disputa comercial entre EE.UU. y la Rep\u00fablica Popular de China ser\u00e1 prioridad en la pl\u00e1tica entre Trump y Jinping dada la dimensi\u00f3n mundial del conflicto que ya est\u00e1 perjudicando las principales actividades comerciales.   <\/p>\n<\/p>\n<p>Estados Unidos impuso nuevos grav\u00e1menes a las importaciones chinas por un valor de unos 36 mil millones de d\u00f3lares, y de inmediato Beijing ripost\u00f3 con igual volumen de aranceles contra Washington.<\/p>\n<\/p>\n<p>Se aplic\u00f3 tasa de aranceles por un valor de un 25 por ciento a cerca de 800 productos provenientes de China hacia el mercado estadounidense.<\/p>\n<\/p>\n<p>Incluso en Am\u00e9rica Latina los mercados est\u00e1n siendo afectados por el impasse entre las dos principales superpotencias econ\u00f3micas.<\/p>\n<\/p>\n<p>Las bolsas comerciales alrededor del mundo sienten los efectos negativos de esa controversia, y se comienza a analizar en los \u00e1mbitos pol\u00edticos hasta qu\u00e9 punto ese diferendo entre ambas potencias podr\u00eda crear las condiciones para un conflicto armado.<\/p>\n<\/p>\n<p>Tanto EE.UU. como China tienen una incidencia de primera magnitud en las principales actividades comerciales de Latinoam\u00e9rica, y por supuesto en el mundo.<\/p>\n<\/p>\n<p>Art\u00edculo de Manuel D\u00edaz Aponte <\/p>\n<\/p>\n<h6> 2019-05-16 09:49:59 <\/h6>\n<p><!--\n<link rel=\"stylesheet\" href=\"css\/bootstrap.min.css\">\n\n\n<ul class=\"pagination\">\n\t    \n\t\n\n<li >\n\t<a href='?page_no=686'>Previous<\/a>\n\t<\/li>\n\n\n       \n    \n\n<li><a href='?page_no=1'>1<\/a><\/li>\n\n\n\n<li><a href='?page_no=2'>2<\/a><\/li>\n\n\n\n<li><a>...<\/a><\/li>\n\n\n\n<li><a href='?page_no=685'>685<\/a><\/li>\n\n\n\n<li><a href='?page_no=686'>686<\/a><\/li>\n\n\n\n<li class='active'><a>687<\/a><\/li>\n\n\n\n<li><a href='?page_no=688'>688<\/a><\/li>\n\n\n\n<li><a href='?page_no=689'>689<\/a><\/li>\n\n\n\n<li><a>...<\/a><\/li>\n\n\n\n<li><a href='?page_no=13611'>13611<\/a><\/li>\n\n\n\n<li><a href='?page_no=13612'>13612<\/a><\/li>\n\n    \n\t\n\n<li >\n\t<a href='?page_no=688'>Next<\/a>\n\t<\/li>\n\n\n    \n\n<li><a href='?page_no=13612'>Last &rsaquo;&rsaquo;<\/a><\/li>\n\n<\/ul>\n\n\n--><br \/>\n<\/body><\/p>\n","protected":false},"excerpt":{"rendered":"<p>Manuel D\u00edaz Aponte Casi siempre cuando se re\u00fanen los l\u00edderes m\u00e1s poderosos del mundo hay un conflicto en evoluci\u00f3n o por surgir. Parecer\u00eda que no podemos vivir en paz. La din\u00e1mica de la sociedad es cambiante, activa, renovadora y frecuentemente conflictiva. Sin embargo, en muchas ocasiones nos preguntamos \u00bfser\u00e1 que la humanidad nunca vivir\u00e1 en [&hellip;]<\/p>\n","protected":false},"author":3,"featured_media":0,"comment_status":"open","ping_status":"open","sticky":false,"template":"","format":"standard","meta":{"footnotes":""},"categories":[16],"tags":[],"class_list":["post-44014","post","type-post","status-publish","format-standard","hentry","category-opiniones"],"_links":{"self":[{"href":"https:\/\/diariodominicano.com\/index.php?rest_route=\/wp\/v2\/posts\/44014","targetHints":{"allow":["GET"]}}],"collection":[{"href":"https:\/\/diariodominicano.com\/index.php?rest_route=\/wp\/v2\/posts"}],"about":[{"href":"https:\/\/diariodominicano.com\/index.php?rest_route=\/wp\/v2\/types\/post"}],"author":[{"embeddable":true,"href":"https:\/\/diariodominicano.com\/index.php?rest_route=\/wp\/v2\/users\/3"}],"replies":[{"embeddable":true,"href":"https:\/\/diariodominicano.com\/index.php?rest_route=%2Fwp%2Fv2%2Fcomments&post=44014"}],"version-history":[{"count":0,"href":"https:\/\/diariodominicano.com\/index.php?rest_route=\/wp\/v2\/posts\/44014\/revisions"}],"wp:attachment":[{"href":"https:\/\/diariodominicano.com\/index.php?rest_route=%2Fwp%2Fv2%2Fmedia&parent=44014"}],"wp:term":[{"taxonomy":"category","embeddable":true,"href":"https:\/\/diariodominicano.com\/index.php?rest_route=%2Fwp%2Fv2%2Fcategories&post=44014"},{"taxonomy":"post_tag","embeddable":true,"href":"https:\/\/diariodominicano.com\/index.php?rest_route=%2Fwp%2Fv2%2Ftags&post=44014"}],"curies":[{"name":"wp","href":"https:\/\/api.w.org\/{rel}","templated":true}]}}