{"id":440079,"date":"2023-05-15T14:40:06","date_gmt":"2023-05-15T18:40:06","guid":{"rendered":"http:\/\/diariodominicano.com\/?p=440079"},"modified":"2023-05-15T14:40:06","modified_gmt":"2023-05-15T18:40:06","slug":"condenan-a-15-anos-de-prision-a-un-hombre-que-abusaba-sexualmente-de-una-nina","status":"publish","type":"post","link":"https:\/\/diariodominicano.com\/?p=440079","title":{"rendered":"Condenan a 15 a\u00f1os de prisi\u00f3n a un hombre que abusaba sexualmente de una ni\u00f1a"},"content":{"rendered":"\n<p><\/p>\n\n\n\n<p><strong>SANTO DOMINGO NORTE, Rep\u00fablica Dominicana. \u2013\u00a0<\/strong>El Ministerio P\u00fablico de Santo Domingo Este obtuvo una condena de 15 a\u00f1os de prisi\u00f3n en contra de un hombre que abusaba sexualmente a una ni\u00f1a de 12 a\u00f1os en un hecho ocurrido en el a\u00f1o 2022, en Villa Mella de Santo Domingo Norte.<\/p>\n\n\n\n<p>La sentencia fue dictada por el Quinto Tribunal Colegiado de esta jurisdicci\u00f3n, que integran los jueces Julio A. Aybar Ortiz, Laisa M. Matos y Nelcy Xiomara Ortega, en contra de Jos\u00e9 Alberto de los Santos, por los hechos cometido en contra de la menor de edad, de quien se omite su nombre para cuidar de sus derechos.<\/p>\n\n\n\n<p>El Ministerio P\u00fablico, representado por las fiscales Ivette Mateo y Leidy Marte, demostr\u00f3 ante el tribunal, con elementos probatorios que las acciones del procesado constituyen una falta a los art\u00edculos 330, 331 y 333 del C\u00f3digo Penal Dominicano, modificado por Ley 24-97 y art\u00edculo 396 de la Ley 136-03 sobre el Sistema de Protecci\u00f3n y Derechos Fundamentales de los Ni\u00f1os, Ni\u00f1as y Adolescentes.<\/p>\n\n\n\n<p>Los hechos ocurrieron 2 de abril del a\u00f1o 2022 en, la madre de la infante denunci\u00f3 que su hija le pidi\u00f3 permiso para ir donde su prima acompa\u00f1ada de una amiguita; pero cuando llegaron, la prima no estaba en su casa por lo que ambas decidieron irse a otro lugar.<\/p>\n\n\n\n<p>Al llegar al lugar estaba el agresor, quien bes\u00f3 a la ni\u00f1a delante de la amiguita que la acompa\u00f1aba, quien ante esta acci\u00f3n se fue del lugar e indic\u00f3 a la madre de la infante lo sucedido.<\/p>\n\n\n\n<p>La investigaci\u00f3n revela, que, durante el interrogatorio la ni\u00f1a se puso nerviosa y voluntariamente confes\u00f3 a su madre que hab\u00eda sido abusada por el encartado desde que ten\u00eda 6 a\u00f1os de edad.&nbsp;<\/p>\n\n\n\n<p>En ese sentido, la madre de la menor, nombre que tambi\u00e9n se omite para proteger la identidad de la adolescente, en fecha 5 de abril del 2022, puso en conocimiento de lo sucedido a las autoridades correspondientes.<\/p>\n\n\n\n<p>Por decisi\u00f3n del tribunal, el agresor deber\u00e1 cumplir la condena a la Penitenciar\u00eda Nacional de La Victoria,<\/p>\n\n\n\n<p><strong>Direcci\u00f3n General de Comunicaci\u00f3n, Prensa, y RRPP<\/strong><\/p>\n\n\n\n<p>Ministerio P\u00fablico.&nbsp;R.D.<\/p>\n\n\n\n<p>Lunes, 15 de mayo de 2023&#8230;<\/p>\n\n\n\n<p><\/p>\n","protected":false},"excerpt":{"rendered":"<p>SANTO DOMINGO NORTE, Rep\u00fablica Dominicana. \u2013\u00a0El Ministerio P\u00fablico de Santo Domingo Este obtuvo una condena de 15 a\u00f1os de prisi\u00f3n en contra de un hombre que abusaba sexualmente a una ni\u00f1a de 12 a\u00f1os en un hecho ocurrido en el a\u00f1o 2022, en Villa Mella de Santo Domingo Norte. La sentencia fue dictada por el [&hellip;]<\/p>\n","protected":false},"author":28,"featured_media":265615,"comment_status":"closed","ping_status":"","sticky":true,"template":"","format":"standard","meta":{"footnotes":""},"categories":[24,29,27],"tags":[],"class_list":["post-440079","post","type-post","status-publish","format-standard","has-post-thumbnail","hentry","category-justicia-y-derecho","category-policiasucesos","category-portada"],"_links":{"self":[{"href":"https:\/\/diariodominicano.com\/index.php?rest_route=\/wp\/v2\/posts\/440079","targetHints":{"allow":["GET"]}}],"collection":[{"href":"https:\/\/diariodominicano.com\/index.php?rest_route=\/wp\/v2\/posts"}],"about":[{"href":"https:\/\/diariodominicano.com\/index.php?rest_route=\/wp\/v2\/types\/post"}],"author":[{"embeddable":true,"href":"https:\/\/diariodominicano.com\/index.php?rest_route=\/wp\/v2\/users\/28"}],"replies":[{"embeddable":true,"href":"https:\/\/diariodominicano.com\/index.php?rest_route=%2Fwp%2Fv2%2Fcomments&post=440079"}],"version-history":[{"count":1,"href":"https:\/\/diariodominicano.com\/index.php?rest_route=\/wp\/v2\/posts\/440079\/revisions"}],"predecessor-version":[{"id":440080,"href":"https:\/\/diariodominicano.com\/index.php?rest_route=\/wp\/v2\/posts\/440079\/revisions\/440080"}],"wp:featuredmedia":[{"embeddable":true,"href":"https:\/\/diariodominicano.com\/index.php?rest_route=\/wp\/v2\/media\/265615"}],"wp:attachment":[{"href":"https:\/\/diariodominicano.com\/index.php?rest_route=%2Fwp%2Fv2%2Fmedia&parent=440079"}],"wp:term":[{"taxonomy":"category","embeddable":true,"href":"https:\/\/diariodominicano.com\/index.php?rest_route=%2Fwp%2Fv2%2Fcategories&post=440079"},{"taxonomy":"post_tag","embeddable":true,"href":"https:\/\/diariodominicano.com\/index.php?rest_route=%2Fwp%2Fv2%2Ftags&post=440079"}],"curies":[{"name":"wp","href":"https:\/\/api.w.org\/{rel}","templated":true}]}}