{"id":44003,"date":"2019-05-16T09:51:59","date_gmt":"2019-05-16T09:51:59","guid":{"rendered":"http:\/\/diariodominicano.ddns.net\/?p=44003"},"modified":"2019-05-16T09:51:59","modified_gmt":"2019-05-16T09:51:59","slug":"dia-del-agricultor-dominicano-2","status":"publish","type":"post","link":"https:\/\/diariodominicano.com\/?p=44003","title":{"rendered":"DIA DEL AGRICULTOR DOMINICANO"},"content":{"rendered":"<p><body><\/p>\n<\/p>\n<p> EL TIRO RAPIDO<\/p>\n<\/p>\n<\/p>\n<p>El 15 de mayo debi\u00e9ramos estar celebrando todos el D\u00eda del Agricultor Dominicano.  En realidad fuera del consabido acto oficial, es una fecha intrascendente para la gran mayor\u00eda, pese a que somos un pa\u00eds eminentemente agr\u00edcola y a que el agro, aunque no constituye la principal fuente de crecimiento de la econom\u00eda, si tiene en cambio car\u00e1cter de riqueza permanente e indispensable como fuente de vida en la medida en que nos provee los alimentos necesarios para conservarla.<\/p>\n<\/p>\n<\/p>\n<p>Medio siglo atr\u00e1s, el sesenta por ciento de la poblaci\u00f3n dominicana resid\u00eda en el sector rural y el resto en las \u00e1reas urbanas.  Con el paso del tiempo esas proporciones se han invertido. Pero el fen\u00f3meno de la creciente migraci\u00f3n del campo a las ciudades data de mucho antes y fue de car\u00e1cter colectivo.  Ese desplazamiento poblacional comenz\u00f3 a manifestarse poco tiempo despu\u00e9s del t\u00e9rmino de la II Guerra Mundial, abarcando  los pa\u00edses del continente y obviamente el nuestro.<\/p>\n<\/p>\n<\/p>\n<p>El deseo de lograr mejores medios de subsistencia y disfrutar de las crecientes comodidades que ofrec\u00eda la sociedad de consumo concentradas en la ciudad, que no llegaban al campo, o lo hac\u00edan con retraso y alcance limitado, motiv\u00f3 sobre todo a las generaciones m\u00e1s j\u00f3venes a desertar de las rudas faenas agr\u00edcolas para moverse hacia las \u00e1reas urbanas.  Bajo la presi\u00f3n migratoria, estas crecieron en forma ca\u00f3tica y terminaron aprisionadas por sobrepoblados cinturones de miseria.<\/p>\n<\/p>\n<\/p>\n<p>Decreci\u00f3 la poblaci\u00f3n rural.  La gradual desaparici\u00f3n de muchos agricultores tradicionales dej\u00f3 un vac\u00edo hu\u00e9rfano de relevo en muchos casos. Escase\u00f3 la mano de obra nativa que comenz\u00f3 a ser suplida de manera creciente por braceros haitianos, algunos de largo asentamiento en el pa\u00eds, otros ilegales.  Cierto que en esa contrataci\u00f3n figura el inter\u00e9s de pagar menos por su trabajo. Pero tambi\u00e9n cuenta el hecho innegable de que cada d\u00eda el dominicano joven se muestra menos inclinado a laborar en el surco y m\u00e1s proclive a la mucho menos fatigosa tarea del moto-concho.<\/p>\n<\/p>\n<\/p>\n<p>Enfrentados al reto de incrementar la producci\u00f3n agr\u00edcola para garantizar la Soberan\u00eda y Seguridad Alimentaria del pueblo dominicano y suplir la demanda del turismo, la agro-industria y el mercado internacional, la celebraci\u00f3n de este d\u00eda debe servir de recordatorio sobre la  necesidad de prestar la m\u00e1xima ayuda a nuestros agricultores.<\/p>\n<\/p>\n<\/p>\n<p>De proveerlo de la asistencia t\u00e9cnica, la maquinaria, los fertilizantes y dem\u00e1s insumos requeridos,  el apoyo financiero y log\u00edstico, las facilidades de transporte y comercializaci\u00f3n y la garant\u00eda de una justa retribuci\u00f3n a su exigente y tan a menudo riesgoso esfuerzo para mejorar sus condiciones de vida.<\/p>\n<\/p>\n<\/p>\n<p>Una realidad de la que debemos estar siempre conscientes es que pese a todos los impresionantes avances, facilidades y comodidades que nos proveen la ciencia y la tecnolog\u00eda en continuo avance,  la tierra y el agua constituyen los dos elementos esenciales que permiten garantizar la continuidad de nuestra vida y la del planeta que nos da acogida.<\/p>\n<\/p>\n<h6> 2019-05-16 09:51:59 <\/h6>\n<p><!--\n<link rel=\"stylesheet\" href=\"css\/bootstrap.min.css\">\n\n\n<ul class=\"pagination\">\n\t    \n\t\n\n<li >\n\t<a href='?page_no=685'>Previous<\/a>\n\t<\/li>\n\n\n       \n    \n\n<li><a href='?page_no=1'>1<\/a><\/li>\n\n\n\n<li><a href='?page_no=2'>2<\/a><\/li>\n\n\n\n<li><a>...<\/a><\/li>\n\n\n\n<li><a href='?page_no=684'>684<\/a><\/li>\n\n\n\n<li><a href='?page_no=685'>685<\/a><\/li>\n\n\n\n<li class='active'><a>686<\/a><\/li>\n\n\n\n<li><a href='?page_no=687'>687<\/a><\/li>\n\n\n\n<li><a href='?page_no=688'>688<\/a><\/li>\n\n\n\n<li><a>...<\/a><\/li>\n\n\n\n<li><a href='?page_no=13611'>13611<\/a><\/li>\n\n\n\n<li><a href='?page_no=13612'>13612<\/a><\/li>\n\n    \n\t\n\n<li >\n\t<a href='?page_no=687'>Next<\/a>\n\t<\/li>\n\n\n    \n\n<li><a href='?page_no=13612'>Last &rsaquo;&rsaquo;<\/a><\/li>\n\n<\/ul>\n\n\n--><br \/>\n<\/body><\/p>\n","protected":false},"excerpt":{"rendered":"<p>EL TIRO RAPIDO El 15 de mayo debi\u00e9ramos estar celebrando todos el D\u00eda del Agricultor Dominicano. En realidad fuera del consabido acto oficial, es una fecha intrascendente para la gran mayor\u00eda, pese a que somos un pa\u00eds eminentemente agr\u00edcola y a que el agro, aunque no constituye la principal fuente de crecimiento de la econom\u00eda, [&hellip;]<\/p>\n","protected":false},"author":3,"featured_media":0,"comment_status":"open","ping_status":"open","sticky":false,"template":"","format":"standard","meta":{"footnotes":""},"categories":[16],"tags":[],"class_list":["post-44003","post","type-post","status-publish","format-standard","hentry","category-opiniones"],"_links":{"self":[{"href":"https:\/\/diariodominicano.com\/index.php?rest_route=\/wp\/v2\/posts\/44003","targetHints":{"allow":["GET"]}}],"collection":[{"href":"https:\/\/diariodominicano.com\/index.php?rest_route=\/wp\/v2\/posts"}],"about":[{"href":"https:\/\/diariodominicano.com\/index.php?rest_route=\/wp\/v2\/types\/post"}],"author":[{"embeddable":true,"href":"https:\/\/diariodominicano.com\/index.php?rest_route=\/wp\/v2\/users\/3"}],"replies":[{"embeddable":true,"href":"https:\/\/diariodominicano.com\/index.php?rest_route=%2Fwp%2Fv2%2Fcomments&post=44003"}],"version-history":[{"count":0,"href":"https:\/\/diariodominicano.com\/index.php?rest_route=\/wp\/v2\/posts\/44003\/revisions"}],"wp:attachment":[{"href":"https:\/\/diariodominicano.com\/index.php?rest_route=%2Fwp%2Fv2%2Fmedia&parent=44003"}],"wp:term":[{"taxonomy":"category","embeddable":true,"href":"https:\/\/diariodominicano.com\/index.php?rest_route=%2Fwp%2Fv2%2Fcategories&post=44003"},{"taxonomy":"post_tag","embeddable":true,"href":"https:\/\/diariodominicano.com\/index.php?rest_route=%2Fwp%2Fv2%2Ftags&post=44003"}],"curies":[{"name":"wp","href":"https:\/\/api.w.org\/{rel}","templated":true}]}}