{"id":43992,"date":"2019-05-16T09:55:45","date_gmt":"2019-05-16T09:55:45","guid":{"rendered":"http:\/\/diariodominicano.ddns.net\/?p=43992"},"modified":"2019-05-16T09:55:45","modified_gmt":"2019-05-16T09:55:45","slug":"a-pleno-solcaos-en-las-escuelas","status":"publish","type":"post","link":"https:\/\/diariodominicano.com\/?p=43992","title":{"rendered":"A Pleno Sol&#13;&#13;Caos en las escuelas"},"content":{"rendered":"<p><body><\/p>\n<p><strong>Por Manuel Hern\u00e1ndez Villeta<\/strong><\/p>\n<\/p>\n<\/p>\n<p>Hay que buscar en lo inmediato la respuesta a la pregunta de qu\u00e9 est\u00e1 pasando en la educaci\u00f3n p\u00fablica. Las escuelas se han convertido en cuadril\u00e1teros de lucha libre y boxeo, donde no hay respeto ni a profesores ni a compa\u00f1eros alumnos.<\/p>\n<\/p>\n<p>Lo m\u00e1s lamentable de estos casos es que la violencia f\u00edsica y los abusos sexuales est\u00e1n conformados dentro de n\u00facleos de ni\u00f1os y adolescentes que no sobrepasan los 13 o 14 a\u00f1os. Se ha desbordado la sin raz\u00f3n en las escuelas, y el ministerio luce indiferente al problema.<\/p>\n<\/p>\n<p>Dice el ministro de Educaci\u00f3n que con m\u00e1s de 50 mil planteles en todo el pa\u00eds, se torna imposible poder colocar a un polic\u00eda escolar en cada uno de ellos. Y se\u00f1ala, con cierta dosis de burla, que habr\u00eda que crear una nueva polic\u00eda para poder vigilar a esos planteles.<\/p>\n<\/p>\n<p>El ministro debe saber que la polic\u00eda est\u00e1 para vigilar el lado externo de la escuela, evitar que entren personas extra\u00f1as sin autorizaci\u00f3n, pero que la disciplina y el orden le corresponde al director del plantel, quien, cuando se siente desbordado por un hecho, pide a la fuerza p\u00fablica.<\/p>\n<\/p>\n<p>Qui\u00e9n tiene que vigilar e imponer  la disciplina interna de las escuelas es el Ministro de Educaci\u00f3n, y no el director general de la Polic\u00eda. No son los agentes macana en mano y pistola al cinto, los que tienen que ir a las aulas, sino los profesores.<\/p>\n<\/p>\n<p>Cada plantel tiene un director responsable, un sic\u00f3logo y los maestros asignados, si a diario hay violencia, es porque ellos no cumplen su trabajo, y  el ministerio no es responsable de la supervisi\u00f3n de ese personal.  No cumple tampoco su funci\u00f3n las asociaciones de padre, si tomamos en cuenta que los que se han visto envuelto en problemas son ni\u00f1os menores de quince a\u00f1os.<\/p>\n<\/p>\n<p>Fracasa el sistema de la educaci\u00f3n b\u00e1sica. Dos acontecimientos recientes as\u00ed lo demuestran. Una ni\u00f1a resulta muerte por una compa\u00f1era, al momento de salir del plantel, y en otro caso, en los ba\u00f1os de una escuela, obligan a una menor a practicar el sexo oral a sus compa\u00f1eritos de estudios.<\/p>\n<\/p>\n<p>Los acontecimientos parecen desbordar al ministerio de Educaci\u00f3n, m\u00e1s interesado en los alcances del desayuno escolar, y en la inauguraci\u00f3n de aulas. No se pregunta qu\u00e9 est\u00e1 pasando, donde los maestros no imponen el orden y los directores est\u00e1n de adornos.<\/p>\n<\/p>\n<p>En esas aulas, se\u00f1ores, est\u00e1 el futuro del pa\u00eds, de seguir como vamos estamos poniendo una muralla s\u00f3lida para que naufraguemos como proyecto de naci\u00f3n. Si  volvemos la cara a estos problemas, ma\u00f1ana nos encontraremos con un caos total, sin soluciones a la vista. \u00a1Ay!, se me acab\u00f3 la tinta.<\/p>\n<\/p>\n<h6> 2019-05-16 09:55:45 <\/h6>\n<p><!--\n<link rel=\"stylesheet\" href=\"css\/bootstrap.min.css\">\n\n\n<ul class=\"pagination\">\n\t    \n\t\n\n<li >\n\t<a href='?page_no=684'>Previous<\/a>\n\t<\/li>\n\n\n       \n    \n\n<li><a href='?page_no=1'>1<\/a><\/li>\n\n\n\n<li><a href='?page_no=2'>2<\/a><\/li>\n\n\n\n<li><a>...<\/a><\/li>\n\n\n\n<li><a href='?page_no=683'>683<\/a><\/li>\n\n\n\n<li><a href='?page_no=684'>684<\/a><\/li>\n\n\n\n<li class='active'><a>685<\/a><\/li>\n\n\n\n<li><a href='?page_no=686'>686<\/a><\/li>\n\n\n\n<li><a href='?page_no=687'>687<\/a><\/li>\n\n\n\n<li><a>...<\/a><\/li>\n\n\n\n<li><a href='?page_no=13611'>13611<\/a><\/li>\n\n\n\n<li><a href='?page_no=13612'>13612<\/a><\/li>\n\n    \n\t\n\n<li >\n\t<a href='?page_no=686'>Next<\/a>\n\t<\/li>\n\n\n    \n\n<li><a href='?page_no=13612'>Last &rsaquo;&rsaquo;<\/a><\/li>\n\n<\/ul>\n\n\n--><br \/>\n<\/body><\/p>\n","protected":false},"excerpt":{"rendered":"<p>Por Manuel Hern\u00e1ndez Villeta Hay que buscar en lo inmediato la respuesta a la pregunta de qu\u00e9 est\u00e1 pasando en la educaci\u00f3n p\u00fablica. Las escuelas se han convertido en cuadril\u00e1teros de lucha libre y boxeo, donde no hay respeto ni a profesores ni a compa\u00f1eros alumnos. Lo m\u00e1s lamentable de estos casos es que la [&hellip;]<\/p>\n","protected":false},"author":3,"featured_media":0,"comment_status":"open","ping_status":"open","sticky":false,"template":"","format":"standard","meta":{"footnotes":""},"categories":[16],"tags":[],"class_list":["post-43992","post","type-post","status-publish","format-standard","hentry","category-opiniones"],"_links":{"self":[{"href":"https:\/\/diariodominicano.com\/index.php?rest_route=\/wp\/v2\/posts\/43992","targetHints":{"allow":["GET"]}}],"collection":[{"href":"https:\/\/diariodominicano.com\/index.php?rest_route=\/wp\/v2\/posts"}],"about":[{"href":"https:\/\/diariodominicano.com\/index.php?rest_route=\/wp\/v2\/types\/post"}],"author":[{"embeddable":true,"href":"https:\/\/diariodominicano.com\/index.php?rest_route=\/wp\/v2\/users\/3"}],"replies":[{"embeddable":true,"href":"https:\/\/diariodominicano.com\/index.php?rest_route=%2Fwp%2Fv2%2Fcomments&post=43992"}],"version-history":[{"count":0,"href":"https:\/\/diariodominicano.com\/index.php?rest_route=\/wp\/v2\/posts\/43992\/revisions"}],"wp:attachment":[{"href":"https:\/\/diariodominicano.com\/index.php?rest_route=%2Fwp%2Fv2%2Fmedia&parent=43992"}],"wp:term":[{"taxonomy":"category","embeddable":true,"href":"https:\/\/diariodominicano.com\/index.php?rest_route=%2Fwp%2Fv2%2Fcategories&post=43992"},{"taxonomy":"post_tag","embeddable":true,"href":"https:\/\/diariodominicano.com\/index.php?rest_route=%2Fwp%2Fv2%2Ftags&post=43992"}],"curies":[{"name":"wp","href":"https:\/\/api.w.org\/{rel}","templated":true}]}}