{"id":43981,"date":"2019-05-16T20:54:25","date_gmt":"2019-05-16T20:54:25","guid":{"rendered":"http:\/\/diariodominicano.ddns.net\/?p=43981"},"modified":"2019-05-16T20:54:25","modified_gmt":"2019-05-16T20:54:25","slug":"la-semana-del-reciclaje-2019","status":"publish","type":"post","link":"https:\/\/diariodominicano.com\/?p=43981","title":{"rendered":"La Semana del reciclaje 2019"},"content":{"rendered":"<p><body><\/p>\n<\/p>\n<p>Por segundo a\u00f1o consecutivo, las autoridades del Plan Dominicana Limpia, est\u00e1n celebrando La Semana del Reciclaje, dedicado en esta ocasi\u00f3n a mostrar las distintas maneras en las que se puede  transformar y reutilizar el pl\u00e1stico y los neum\u00e1ticos viejos de veh\u00edculos, cuya finalidad es promover una cultura de aprovechamiento de los residuos s\u00f3lidos fomentando as\u00ed su reutilizaci\u00f3n.<\/p>\n<\/p>\n<p>Esta importante iniciativa para el disfrute y sano esparcimiento de la familia, est\u00e1 siendo realizada en las instalaciones de la Liga Municipal Dominicana (LMD), desde el pasado martes 14, hasta el viernes 17 de mayo, en horario regular de nueve de la ma\u00f1ana (9.00am), hasta la siete de la noche (7:00pm).<\/p>\n<\/p>\n<p>Los asistentes podr\u00e1n disfrutar de diversas actividades did\u00e1cticas y recreativas, tales como: charlas, paneles, exposiciones, talleres artesanales, exhibici\u00f3n de obras construidas con materiales reciclados y presentaciones art\u00edsticas; adem\u00e1s, el evento ofrece un recorrido virtual en una r\u00e9plica del sistema planetario y tambi\u00e9n cuenta con varios stands de instituciones p\u00fablicas y privadas (comprometidas con el mejoramiento del medio ambiente).<\/p>\n<\/p>\n<p>La semana del reciclaje 2019, brinda la oportunidad de aprender y valorar el verdadero significado de los residuos s\u00f3lidos, al ser convertidos en recursos \u00fatiles para el uso dom\u00e9stico a trav\u00e9s de las diversas experiencias de reciclaje con las que contamos y que son puestas en pr\u00e1ctica durante este significativo evento.<\/p>\n<\/p>\n<p>Esta feria del conocimiento y la concientizaci\u00f3n, cuenta con el respaldo de un grupo de instituciones que sirven de soporte al esfuerzo que hace posible su ejecuci\u00f3n, tales como: La Liga Municipal Dominicana, el Ministerio de Medio Ambiente, el Ministerio de Educaci\u00f3n, la Direcci\u00f3n de Programas Especiales de la Presidencia, la Federaci\u00f3n Dominicana de Municipios, la Federaci\u00f3n de Distritos Municipales, la Cervecer\u00eda Nacional Dominicana y el Centro de Innovaci\u00f3n Atabey.<\/p>\n<\/p>\n<p>Los protagonistas:<\/p>\n<\/p>\n<p>Durante todo el proceso de planificaci\u00f3n y desarrollo de esta importante iniciativa hasta alcanzar su puesta en marcha, han coexistido dos elementos fundamentales abrazados a un prop\u00f3sito com\u00fan que conjugado con sus talentos, capacidades y vocaci\u00f3n de entrega, est\u00e1n haciendo posible la materializaci\u00f3n de un sue\u00f1o.<\/p>\n<\/p>\n<p>Me refiero al Lic. Domingo Contreras, Director de los Programas Especiales de la Presidencia (DIGEPEP), y al Ing. Johnny Jones, Secretario General de la Liga Municipal Dominicana (LMD).<\/p>\n<\/p>\n<p>Ambos, han fusionado su ingenio y determinaci\u00f3n, para encausar el m\u00e1s noble proyecto de transformaci\u00f3n cultural de la poblaci\u00f3n, concientizando a la sociedad acerca del grave problema sanitario y medioambiental que representa la basura, e impulsando de manera responsable un ambicioso plan para controlar, manejar y reconvertir los residuos s\u00f3lidos a nivel nacional.<\/p>\n<\/p>\n<p>Para ellos y todos aquellos que sirven a esta noble causa, mi reconocimiento y el de la sociedad, como muestra de agradecimiento por el esfuerzo de hacer posible que podamos convivir en un mundo mejor y libre de contaminaci\u00f3n.<\/p>\n<\/p>\n<p>Escrito por:<\/p>\n<\/p>\n<p>Fitzgerald Tejada Mart\u00ednez<\/p>\n<\/p>\n<h6> 2019-05-16 20:54:25 <\/h6>\n<p><!--\n<link rel=\"stylesheet\" href=\"css\/bootstrap.min.css\">\n\n\n<ul class=\"pagination\">\n\t    \n\t\n\n<li >\n\t<a href='?page_no=683'>Previous<\/a>\n\t<\/li>\n\n\n       \n    \n\n<li><a href='?page_no=1'>1<\/a><\/li>\n\n\n\n<li><a href='?page_no=2'>2<\/a><\/li>\n\n\n\n<li><a>...<\/a><\/li>\n\n\n\n<li><a href='?page_no=682'>682<\/a><\/li>\n\n\n\n<li><a href='?page_no=683'>683<\/a><\/li>\n\n\n\n<li class='active'><a>684<\/a><\/li>\n\n\n\n<li><a href='?page_no=685'>685<\/a><\/li>\n\n\n\n<li><a href='?page_no=686'>686<\/a><\/li>\n\n\n\n<li><a>...<\/a><\/li>\n\n\n\n<li><a href='?page_no=13611'>13611<\/a><\/li>\n\n\n\n<li><a href='?page_no=13612'>13612<\/a><\/li>\n\n    \n\t\n\n<li >\n\t<a href='?page_no=685'>Next<\/a>\n\t<\/li>\n\n\n    \n\n<li><a href='?page_no=13612'>Last &rsaquo;&rsaquo;<\/a><\/li>\n\n<\/ul>\n\n\n--><br \/>\n<\/body><\/p>\n","protected":false},"excerpt":{"rendered":"<p>Por segundo a\u00f1o consecutivo, las autoridades del Plan Dominicana Limpia, est\u00e1n celebrando La Semana del Reciclaje, dedicado en esta ocasi\u00f3n a mostrar las distintas maneras en las que se puede transformar y reutilizar el pl\u00e1stico y los neum\u00e1ticos viejos de veh\u00edculos, cuya finalidad es promover una cultura de aprovechamiento de los residuos s\u00f3lidos fomentando as\u00ed [&hellip;]<\/p>\n","protected":false},"author":3,"featured_media":0,"comment_status":"open","ping_status":"open","sticky":false,"template":"","format":"standard","meta":{"footnotes":""},"categories":[16],"tags":[],"class_list":["post-43981","post","type-post","status-publish","format-standard","hentry","category-opiniones"],"_links":{"self":[{"href":"https:\/\/diariodominicano.com\/index.php?rest_route=\/wp\/v2\/posts\/43981","targetHints":{"allow":["GET"]}}],"collection":[{"href":"https:\/\/diariodominicano.com\/index.php?rest_route=\/wp\/v2\/posts"}],"about":[{"href":"https:\/\/diariodominicano.com\/index.php?rest_route=\/wp\/v2\/types\/post"}],"author":[{"embeddable":true,"href":"https:\/\/diariodominicano.com\/index.php?rest_route=\/wp\/v2\/users\/3"}],"replies":[{"embeddable":true,"href":"https:\/\/diariodominicano.com\/index.php?rest_route=%2Fwp%2Fv2%2Fcomments&post=43981"}],"version-history":[{"count":0,"href":"https:\/\/diariodominicano.com\/index.php?rest_route=\/wp\/v2\/posts\/43981\/revisions"}],"wp:attachment":[{"href":"https:\/\/diariodominicano.com\/index.php?rest_route=%2Fwp%2Fv2%2Fmedia&parent=43981"}],"wp:term":[{"taxonomy":"category","embeddable":true,"href":"https:\/\/diariodominicano.com\/index.php?rest_route=%2Fwp%2Fv2%2Fcategories&post=43981"},{"taxonomy":"post_tag","embeddable":true,"href":"https:\/\/diariodominicano.com\/index.php?rest_route=%2Fwp%2Fv2%2Ftags&post=43981"}],"curies":[{"name":"wp","href":"https:\/\/api.w.org\/{rel}","templated":true}]}}