{"id":43959,"date":"2019-05-17T23:08:03","date_gmt":"2019-05-17T23:08:03","guid":{"rendered":"http:\/\/diariodominicano.ddns.net\/?p=43959"},"modified":"2019-05-17T23:08:03","modified_gmt":"2019-05-17T23:08:03","slug":"no-hay-sorpresa-en-reapresamiento-de-santrich","status":"publish","type":"post","link":"https:\/\/diariodominicano.com\/?p=43959","title":{"rendered":"NO HAY SORPRESA  EN  REAPRESAMIENTO DE SANTRICH"},"content":{"rendered":"<p><body><\/p>\n<p><strong>                                                                                                           Por Narciso Isa Conde<\/strong><\/p>\n<\/p>\n<p>Esta ma\u00f1ana escrib\u00ed, a prop\u00f3sito de la orden no extradici\u00f3n y puesta en libertad a favor del Comandante de las FARC-EP,  Jes\u00fas Santrich, un art\u00edculo titulado: ALERTA: CUANDO NO  EXTRADITAN&#8230; RE-APRESAN&#8230; O MATAN, en el que advert\u00ed una reacci\u00f3n como la que de consum\u00f3 horas m\u00e1s tarde en Bogot\u00e1, cuando se le formul\u00f3 una nueva acusaci\u00f3n para mantenerlo en prisi\u00f3n.<\/p>\n<\/p>\n<p>Entonces escrib\u00ed:<\/p>\n<\/p>\n<p><strong>\u00abNo hay que bajar la guardia.\u00bb..<\/strong>..<\/p>\n<p><strong>\u00abEl Procurador General anunci\u00f3 que apelar\u00eda a la Corte Suprema de Justicia para que siguiera investigando el caso.\u00bb<\/strong><\/p>\n<\/p>\n<p><strong>\u00abEl Presidente Iv\u00e1n Duque, pupilo del narco-presidente paramilitar, \u00c1lvaro Uribe, declar\u00f3 que respetar\u00eda en lo inmediato la sentencia, pero que el \u00abcaso no estaba cerrado\u00bb.\u00bb<\/strong><\/p>\n<p><strong>\u00abLa amenaza es obvia y  lo que de ella puede deducirse -dadas las calidades represivas y criminales de quienes detenta el poder en Colombia (subordinados a TRUMP, a la C\u00cdA, al PENT\u00c1GONO y el MOSAD)- es previsible: porque cuando no logran extraditar a sus v\u00edctimas, por la inconsistencia de la intriga, re-apresan, e incluso, matan.\u00bb<\/strong><\/p>\n<\/p>\n<p>Se trata de una reacci\u00f3n perversa, t\u00edpica de dictaduras, de Estados terroristas tutelados por EEUU.<\/p>\n<\/p>\n<p>Aqu\u00ed, en la Rep\u00fablica Dominicana, las vivimos y sufrimos frecuentemente durante el r\u00e9gimen de Joaqu\u00edn Balaguer.<\/p>\n<\/p>\n<p>M\u00e1s aun, la vida de Santrich corre peligro, no hay que dudar que lo maten en la c\u00e1rcel.<\/p>\n<\/p>\n<p>Para re-apresarlo y eventualmente asesinarlo, anunciaron que no cerrar\u00edan el caso.<\/p>\n<\/p>\n<p>Iv\u00e1n Duque es del bando neofascista con auspicio de Uribe y de Trump, de \u00e9l no se puede dudar maldad y crimen alguno.<\/p>\n<\/p>\n<p>\u00a1HAY QUE DEFENDER LA VIDA DE SANTRICH Y SEGUIR EXIGIENDO SU LIBERTAD!<\/p>\n<\/p>\n<h6> 2019-05-17 23:08:03 <\/h6>\n<p><!--\n<link rel=\"stylesheet\" href=\"css\/bootstrap.min.css\">\n\n\n<ul class=\"pagination\">\n\t    \n\t\n\n<li >\n\t<a href='?page_no=681'>Previous<\/a>\n\t<\/li>\n\n\n       \n    \n\n<li><a href='?page_no=1'>1<\/a><\/li>\n\n\n\n<li><a href='?page_no=2'>2<\/a><\/li>\n\n\n\n<li><a>...<\/a><\/li>\n\n\n\n<li><a href='?page_no=680'>680<\/a><\/li>\n\n\n\n<li><a href='?page_no=681'>681<\/a><\/li>\n\n\n\n<li class='active'><a>682<\/a><\/li>\n\n\n\n<li><a href='?page_no=683'>683<\/a><\/li>\n\n\n\n<li><a href='?page_no=684'>684<\/a><\/li>\n\n\n\n<li><a>...<\/a><\/li>\n\n\n\n<li><a href='?page_no=13611'>13611<\/a><\/li>\n\n\n\n<li><a href='?page_no=13612'>13612<\/a><\/li>\n\n    \n\t\n\n<li >\n\t<a href='?page_no=683'>Next<\/a>\n\t<\/li>\n\n\n    \n\n<li><a href='?page_no=13612'>Last &rsaquo;&rsaquo;<\/a><\/li>\n\n<\/ul>\n\n\n--><br \/>\n<\/body><\/p>\n","protected":false},"excerpt":{"rendered":"<p>Por Narciso Isa Conde Esta ma\u00f1ana escrib\u00ed, a prop\u00f3sito de la orden no extradici\u00f3n y puesta en libertad a favor del Comandante de las FARC-EP, Jes\u00fas Santrich, un art\u00edculo titulado: ALERTA: CUANDO NO EXTRADITAN&#8230; RE-APRESAN&#8230; O MATAN, en el que advert\u00ed una reacci\u00f3n como la que de consum\u00f3 horas m\u00e1s tarde en Bogot\u00e1, cuando se [&hellip;]<\/p>\n","protected":false},"author":3,"featured_media":0,"comment_status":"open","ping_status":"open","sticky":false,"template":"","format":"standard","meta":{"footnotes":""},"categories":[16],"tags":[],"class_list":["post-43959","post","type-post","status-publish","format-standard","hentry","category-opiniones"],"_links":{"self":[{"href":"https:\/\/diariodominicano.com\/index.php?rest_route=\/wp\/v2\/posts\/43959","targetHints":{"allow":["GET"]}}],"collection":[{"href":"https:\/\/diariodominicano.com\/index.php?rest_route=\/wp\/v2\/posts"}],"about":[{"href":"https:\/\/diariodominicano.com\/index.php?rest_route=\/wp\/v2\/types\/post"}],"author":[{"embeddable":true,"href":"https:\/\/diariodominicano.com\/index.php?rest_route=\/wp\/v2\/users\/3"}],"replies":[{"embeddable":true,"href":"https:\/\/diariodominicano.com\/index.php?rest_route=%2Fwp%2Fv2%2Fcomments&post=43959"}],"version-history":[{"count":0,"href":"https:\/\/diariodominicano.com\/index.php?rest_route=\/wp\/v2\/posts\/43959\/revisions"}],"wp:attachment":[{"href":"https:\/\/diariodominicano.com\/index.php?rest_route=%2Fwp%2Fv2%2Fmedia&parent=43959"}],"wp:term":[{"taxonomy":"category","embeddable":true,"href":"https:\/\/diariodominicano.com\/index.php?rest_route=%2Fwp%2Fv2%2Fcategories&post=43959"},{"taxonomy":"post_tag","embeddable":true,"href":"https:\/\/diariodominicano.com\/index.php?rest_route=%2Fwp%2Fv2%2Ftags&post=43959"}],"curies":[{"name":"wp","href":"https:\/\/api.w.org\/{rel}","templated":true}]}}