{"id":439489,"date":"2023-05-12T18:36:31","date_gmt":"2023-05-12T22:36:31","guid":{"rendered":"http:\/\/diariodominicano.com\/?p=439489"},"modified":"2023-05-12T19:52:38","modified_gmt":"2023-05-12T23:52:38","slug":"ministerio-publico-arresta-abogado-y-un-empresario-vinculados-a-hechos-de-violencia-de-genero-y-agresion-fisica-contra-comunicadoras","status":"publish","type":"post","link":"https:\/\/diariodominicano.com\/?p=439489","title":{"rendered":"Ministerio P\u00fablico arresta abogado y un empresario vinculados a hechos de violencia de g\u00e9nero y agresi\u00f3n f\u00edsica contra comunicadoras"},"content":{"rendered":"\n<p><\/p>\n\n\n\n<p><em><u>En las pr\u00f3ximas horas solicitar\u00e1 al Juzgado de Atenci\u00f3n Permanente del Distrito Nacional que le imponga medidas de coerci\u00f3n por los hechos cometidos contra sus respectivas parejas<\/u><\/em><\/p>\n\n\n\n<p>SANTO DOMINGO, Rep\u00fablica Dominicana.- El Ministerio P\u00fablico, a trav\u00e9s de la Unidad de Atenci\u00f3n Integral a la Violencia de G\u00e9nero, Intrafamiliar y Delitos Sexuales, de la avenida R\u00f3mulo Betancourt, del sector Bella Vista, Distrito Nacional, inform\u00f3 el viernes arrest\u00f3 a un abogado y a un empresario implicados en hechos de violencia de g\u00e9nero y agresi\u00f3n f\u00edsica contra dos comunicadoras.<\/p>\n\n\n\n<p>El \u00f3rgano del sistema de justicia inform\u00f3 el arresto del abogado Emilio L\u00f3pez, quien es imputado de incurrir en violencia de g\u00e9nero y agresi\u00f3n f\u00edsica contra su pareja sentimental, la comunicadora Tamara Mart\u00ednez.<\/p>\n\n\n\n<p>Indic\u00f3 que igualmente fue apresado el empresario Wagner Taveras Taveras, quien tambi\u00e9n ser\u00e1 sometido a la justicia por incurrir en esos mismos delitos en perjuicio de su pareja sentimental, la tambi\u00e9n comunicadora Amelia Alc\u00e1ntara.<\/p>\n\n\n\n<p>Ambos detenidos est\u00e1n la c\u00e1rcel que funciona en dicha Unidad de Atenci\u00f3n Integral a la Violencia de G\u00e9nero, Intrafamiliar y Delitos Sexuales.<\/p>\n\n\n\n<p>Las autoridades informaron a trav\u00e9s de un comunicado de prensa que en las pr\u00f3ximas horas L\u00f3pez y Taveras ser\u00e1n sometidos a la justicia y que solicitar\u00e1n a la Oficina Judicial de Servicios de Atenci\u00f3n Permanente del Distrito Nacional que le imponga medidas de coerci\u00f3n por su vinculaci\u00f3n a los referidos hechos de violencia contra sus respectivas parejas.<\/p>\n\n\n\n<p>&nbsp;<strong>Direcci\u00f3n General de Comunicaci\u00f3n, Prensa, y RRPP<\/strong><strong><\/strong><\/p>\n\n\n\n<p>Ministerio P\u00fablico.&nbsp;R.D.<\/p>\n\n\n\n<p>Viernes, 12 de mayo de 2023.<\/p>\n","protected":false},"excerpt":{"rendered":"<p>En las pr\u00f3ximas horas solicitar\u00e1 al Juzgado de Atenci\u00f3n Permanente del Distrito Nacional que le imponga medidas de coerci\u00f3n por los hechos cometidos contra sus respectivas parejas SANTO DOMINGO, Rep\u00fablica Dominicana.- El Ministerio P\u00fablico, a trav\u00e9s de la Unidad de Atenci\u00f3n Integral a la Violencia de G\u00e9nero, Intrafamiliar y Delitos Sexuales, de la avenida R\u00f3mulo [&hellip;]<\/p>\n","protected":false},"author":28,"featured_media":268854,"comment_status":"closed","ping_status":"","sticky":true,"template":"","format":"standard","meta":{"footnotes":""},"categories":[24,29,27],"tags":[],"class_list":["post-439489","post","type-post","status-publish","format-standard","has-post-thumbnail","hentry","category-justicia-y-derecho","category-policiasucesos","category-portada"],"_links":{"self":[{"href":"https:\/\/diariodominicano.com\/index.php?rest_route=\/wp\/v2\/posts\/439489","targetHints":{"allow":["GET"]}}],"collection":[{"href":"https:\/\/diariodominicano.com\/index.php?rest_route=\/wp\/v2\/posts"}],"about":[{"href":"https:\/\/diariodominicano.com\/index.php?rest_route=\/wp\/v2\/types\/post"}],"author":[{"embeddable":true,"href":"https:\/\/diariodominicano.com\/index.php?rest_route=\/wp\/v2\/users\/28"}],"replies":[{"embeddable":true,"href":"https:\/\/diariodominicano.com\/index.php?rest_route=%2Fwp%2Fv2%2Fcomments&post=439489"}],"version-history":[{"count":1,"href":"https:\/\/diariodominicano.com\/index.php?rest_route=\/wp\/v2\/posts\/439489\/revisions"}],"predecessor-version":[{"id":439490,"href":"https:\/\/diariodominicano.com\/index.php?rest_route=\/wp\/v2\/posts\/439489\/revisions\/439490"}],"wp:featuredmedia":[{"embeddable":true,"href":"https:\/\/diariodominicano.com\/index.php?rest_route=\/wp\/v2\/media\/268854"}],"wp:attachment":[{"href":"https:\/\/diariodominicano.com\/index.php?rest_route=%2Fwp%2Fv2%2Fmedia&parent=439489"}],"wp:term":[{"taxonomy":"category","embeddable":true,"href":"https:\/\/diariodominicano.com\/index.php?rest_route=%2Fwp%2Fv2%2Fcategories&post=439489"},{"taxonomy":"post_tag","embeddable":true,"href":"https:\/\/diariodominicano.com\/index.php?rest_route=%2Fwp%2Fv2%2Ftags&post=439489"}],"curies":[{"name":"wp","href":"https:\/\/api.w.org\/{rel}","templated":true}]}}