{"id":439485,"date":"2023-05-12T18:23:18","date_gmt":"2023-05-12T22:23:18","guid":{"rendered":"http:\/\/diariodominicano.com\/?p=439485"},"modified":"2023-05-12T19:54:11","modified_gmt":"2023-05-12T23:54:11","slug":"la-oficina-judicial-de-servicios-de-atencion-permanente-de-santiago-impone-prision-preventiva-a-imputado-por-el-homicidio-de-empleado-del-sistema-penitenciario","status":"publish","type":"post","link":"https:\/\/diariodominicano.com\/?p=439485","title":{"rendered":"La Oficina Judicial de Servicios de Atenci\u00f3n Permanente de Santiago impone prisi\u00f3n preventiva a  imputado por el homicidio de empleado del sistema penitenciario"},"content":{"rendered":"\n<p><\/p>\n\n\n\n<p><em><u>William Ventura Castillo fue arrestado en el AILA por donde pretend\u00eda huir del pa\u00eds<\/u><\/em><\/p>\n\n\n\n<p><strong>SANTIAGO, Rep\u00fablica Dominicana-<\/strong>&nbsp;La Oficina Judicial de Servicios de Atenci\u00f3n Permanente&nbsp; de esta demarcaci\u00f3n impuso la prisi\u00f3n preventiva contra un hombre imputado por la muerte a tiros de un empleado de la Direcci\u00f3n General de Servicios Penitenciarios y Correccionales (DGSPC), a quien junto a otros dos, intercept\u00f3 en el sector El Semillero II del distrito municipal Santiago Oeste, en noviembre del a\u00f1o 2022.&nbsp;<\/p>\n\n\n\n<p>La jueza Kimberly Tatis acogi\u00f3 los argumentos expuestos por la fiscal Martha Gonz\u00e1lez y orden\u00f3 que el imputado, William Ventura Castillo, permanezca privado de libertad durante tres meses, en tanto culmina la investigaci\u00f3n por su participaci\u00f3n en la muerte a tiros del empleado p\u00fablico Leonardo Antonio Fern\u00e1ndez Reyes.&nbsp;<\/p>\n\n\n\n<p>Ventura, junto a V\u00edctor Daly Marte Mu\u00f1oz (Daly), quien guarda prisi\u00f3n preventiva, y Jos\u00e9 Rafael \u00c1lvarez, que permanece pr\u00f3fugo, se constituyeron en asociaci\u00f3n de malhechores e interceptaron a la v\u00edctima que conduc\u00eda su veh\u00edculo un carro marca Kia, modelo K5, a\u00f1o 2013, cuando a punta de pistola le obligaron a detenerse.&nbsp;<\/p>\n\n\n\n<p>Tras dispararle, Ventura tom\u00f3 el volante y condujo hasta la zona donde luego ataron a la v\u00edctima de y lo dejaron abandonado.&nbsp;<\/p>\n\n\n\n<p>Antes de huir de la escena, Ventura, junto a sus acompa\u00f1antes despojaron a la v\u00edctima de su tel\u00e9fono celular, su cartera con documentos personales y el veh\u00edculo.&nbsp;<\/p>\n\n\n\n<p>El imputado enfrenta cargos por la violaci\u00f3n a los art\u00edculos 265, 266, 295, 304, y 382 del C\u00f3digo Penal Dominicano, por constituirse en asociaci\u00f3n de malhechores para cometer homicidio y robo con violencia.&nbsp;<\/p>\n\n\n\n<p>Los malhechores componen una banda de delincuentes que se dedica a cometer numerosos cr\u00edmenes y delitos, incluyendo la venta y distribuci\u00f3n de sustancias narc\u00f3ticas en el sector El Semillero II de Cienfuegos.&nbsp;<\/p>\n\n\n\n<p>El veh\u00edculo fue encontrado calcinado, en una zona bald\u00eda a orillas del r\u00edo Yaque del Norte en el sector La Herradura.&nbsp;<\/p>\n\n\n\n<p>El tribunal orden\u00f3 que el procesado cumpla la prisi\u00f3n preventiva en el Centro de Correcci\u00f3n y Rehabilitaci\u00f3n Rafey Hombres en Santiago.<\/p>\n\n\n\n<p><strong>Direcci\u00f3n General de Comunicaci\u00f3n, Prensa, y RRPP<\/strong><\/p>\n\n\n\n<p>Ministerio P\u00fablico.&nbsp;R.D.<\/p>\n\n\n\n<p>Viernes, 12 de mayo de 2023&#8230;<\/p>\n","protected":false},"excerpt":{"rendered":"<p>William Ventura Castillo fue arrestado en el AILA por donde pretend\u00eda huir del pa\u00eds SANTIAGO, Rep\u00fablica Dominicana-&nbsp;La Oficina Judicial de Servicios de Atenci\u00f3n Permanente&nbsp; de esta demarcaci\u00f3n impuso la prisi\u00f3n preventiva contra un hombre imputado por la muerte a tiros de un empleado de la Direcci\u00f3n General de Servicios Penitenciarios y Correccionales (DGSPC), a quien [&hellip;]<\/p>\n","protected":false},"author":28,"featured_media":427834,"comment_status":"closed","ping_status":"","sticky":true,"template":"","format":"standard","meta":{"footnotes":""},"categories":[24,29,27],"tags":[],"class_list":["post-439485","post","type-post","status-publish","format-standard","has-post-thumbnail","hentry","category-justicia-y-derecho","category-policiasucesos","category-portada"],"_links":{"self":[{"href":"https:\/\/diariodominicano.com\/index.php?rest_route=\/wp\/v2\/posts\/439485","targetHints":{"allow":["GET"]}}],"collection":[{"href":"https:\/\/diariodominicano.com\/index.php?rest_route=\/wp\/v2\/posts"}],"about":[{"href":"https:\/\/diariodominicano.com\/index.php?rest_route=\/wp\/v2\/types\/post"}],"author":[{"embeddable":true,"href":"https:\/\/diariodominicano.com\/index.php?rest_route=\/wp\/v2\/users\/28"}],"replies":[{"embeddable":true,"href":"https:\/\/diariodominicano.com\/index.php?rest_route=%2Fwp%2Fv2%2Fcomments&post=439485"}],"version-history":[{"count":2,"href":"https:\/\/diariodominicano.com\/index.php?rest_route=\/wp\/v2\/posts\/439485\/revisions"}],"predecessor-version":[{"id":439527,"href":"https:\/\/diariodominicano.com\/index.php?rest_route=\/wp\/v2\/posts\/439485\/revisions\/439527"}],"wp:featuredmedia":[{"embeddable":true,"href":"https:\/\/diariodominicano.com\/index.php?rest_route=\/wp\/v2\/media\/427834"}],"wp:attachment":[{"href":"https:\/\/diariodominicano.com\/index.php?rest_route=%2Fwp%2Fv2%2Fmedia&parent=439485"}],"wp:term":[{"taxonomy":"category","embeddable":true,"href":"https:\/\/diariodominicano.com\/index.php?rest_route=%2Fwp%2Fv2%2Fcategories&post=439485"},{"taxonomy":"post_tag","embeddable":true,"href":"https:\/\/diariodominicano.com\/index.php?rest_route=%2Fwp%2Fv2%2Ftags&post=439485"}],"curies":[{"name":"wp","href":"https:\/\/api.w.org\/{rel}","templated":true}]}}