{"id":439106,"date":"2023-05-10T23:55:57","date_gmt":"2023-05-11T03:55:57","guid":{"rendered":"http:\/\/diariodominicano.com\/?p=439106"},"modified":"2023-05-10T23:58:02","modified_gmt":"2023-05-11T03:58:02","slug":"se-entrega-hombre-por-haber-ultimado-otro-en-santiago","status":"publish","type":"post","link":"https:\/\/diariodominicano.com\/?p=439106","title":{"rendered":"Se entrega hombre por haber ultimado otro en Santiago"},"content":{"rendered":"\n<p>Archivo:<\/p>\n\n\n\n<p><strong>Santiago de los Caballeros,&nbsp;&nbsp;10 de Mayo 2023.-<\/strong>&nbsp;La Polic\u00eda Nacional, inform\u00f3 que tras labores de b\u00fasqueda por los agentes policiales pertenecientes a la&nbsp;&nbsp;Divisi\u00f3n&nbsp;&nbsp;de Homicidios, se entreg\u00f3 un hombre acusado de ultimar a otro, en un hecho registrado el pasado 6 de este mes en curso, en la secci\u00f3n Limonar Arriba, municipio Licey al Medio.<\/p>\n\n\n\n<p>Se trata de V\u00edctor Alfonso Polanco, alias&nbsp;&nbsp;Pica y\/o Teka, de 32 a\u00f1os de edad, quien respondiendo a la b\u00fasqueda por la Polic\u00eda Nacional, fue entregado por un dirigente comunitario y familiares al director Regional Cibao Central, general Ram\u00f3n Samuel Azcona Reyes en su despacho.<\/p>\n\n\n\n<p>El general Azcona Reyes manifest\u00f3 a los parientes presentes, que por instrucciones del director general de la Polic\u00eda Nacional, mayor general Eduardo Alberto Then, se le&nbsp;&nbsp;garantizar\u00e1 los&nbsp;&nbsp;derechos, integridad y asistencia m\u00e9dica al detenido, durante el proceso de investigaci\u00f3n.<\/p>\n\n\n\n<p>De acuerdo al informe preliminar, el hecho se produjo cuando&nbsp;&nbsp;Polanco e&nbsp;&nbsp;Isidro Almonte (occiso) se encontraban ingiriendo bebidas alcoh\u00f3licas en el referido lugar, origin\u00e1ndose una discusi\u00f3n y forcejeos entre ambos, ocasion\u00e1ndose heridas de arma blanca en distintas partes del cuerpo, resultando muerto Almonte.<\/p>\n\n\n\n<p>En cuanto al detenido fue&nbsp;&nbsp;sometido a la justicia por el hecho cometido.<\/p>\n\n\n\n<p><strong>SUBDIRECCION DE COMUNICACIONES ESTRATEGICAS DE LA POLICIA NACIONAL, DIRECCI\u00d3N REGIONAL CIBAO CENTRAL<\/strong><\/p>\n","protected":false},"excerpt":{"rendered":"<p>Archivo: Santiago de los Caballeros,&nbsp;&nbsp;10 de Mayo 2023.-&nbsp;La Polic\u00eda Nacional, inform\u00f3 que tras labores de b\u00fasqueda por los agentes policiales pertenecientes a la&nbsp;&nbsp;Divisi\u00f3n&nbsp;&nbsp;de Homicidios, se entreg\u00f3 un hombre acusado de ultimar a otro, en un hecho registrado el pasado 6 de este mes en curso, en la secci\u00f3n Limonar Arriba, municipio Licey al Medio. Se [&hellip;]<\/p>\n","protected":false},"author":28,"featured_media":411604,"comment_status":"closed","ping_status":"","sticky":false,"template":"","format":"standard","meta":{"footnotes":""},"categories":[29],"tags":[],"class_list":["post-439106","post","type-post","status-publish","format-standard","has-post-thumbnail","hentry","category-policiasucesos"],"_links":{"self":[{"href":"https:\/\/diariodominicano.com\/index.php?rest_route=\/wp\/v2\/posts\/439106","targetHints":{"allow":["GET"]}}],"collection":[{"href":"https:\/\/diariodominicano.com\/index.php?rest_route=\/wp\/v2\/posts"}],"about":[{"href":"https:\/\/diariodominicano.com\/index.php?rest_route=\/wp\/v2\/types\/post"}],"author":[{"embeddable":true,"href":"https:\/\/diariodominicano.com\/index.php?rest_route=\/wp\/v2\/users\/28"}],"replies":[{"embeddable":true,"href":"https:\/\/diariodominicano.com\/index.php?rest_route=%2Fwp%2Fv2%2Fcomments&post=439106"}],"version-history":[{"count":3,"href":"https:\/\/diariodominicano.com\/index.php?rest_route=\/wp\/v2\/posts\/439106\/revisions"}],"predecessor-version":[{"id":439109,"href":"https:\/\/diariodominicano.com\/index.php?rest_route=\/wp\/v2\/posts\/439106\/revisions\/439109"}],"wp:featuredmedia":[{"embeddable":true,"href":"https:\/\/diariodominicano.com\/index.php?rest_route=\/wp\/v2\/media\/411604"}],"wp:attachment":[{"href":"https:\/\/diariodominicano.com\/index.php?rest_route=%2Fwp%2Fv2%2Fmedia&parent=439106"}],"wp:term":[{"taxonomy":"category","embeddable":true,"href":"https:\/\/diariodominicano.com\/index.php?rest_route=%2Fwp%2Fv2%2Fcategories&post=439106"},{"taxonomy":"post_tag","embeddable":true,"href":"https:\/\/diariodominicano.com\/index.php?rest_route=%2Fwp%2Fv2%2Ftags&post=439106"}],"curies":[{"name":"wp","href":"https:\/\/api.w.org\/{rel}","templated":true}]}}