{"id":439103,"date":"2023-05-10T23:54:13","date_gmt":"2023-05-11T03:54:13","guid":{"rendered":"http:\/\/diariodominicano.com\/?p=439103"},"modified":"2023-05-10T23:54:23","modified_gmt":"2023-05-11T03:54:23","slug":"pn-recupera-siete-vehiculos-reportados-como-robados-por-sus-propietarios-en-santiago","status":"publish","type":"post","link":"https:\/\/diariodominicano.com\/?p=439103","title":{"rendered":"PN recupera siete veh\u00edculos reportados como robados por sus propietarios en Santiago"},"content":{"rendered":"\n<p>Archivo:<\/p>\n\n\n\n<p><strong>Santiago de los Caballeros,\u00a0\u00a09 de Mayo 2023.-<\/strong>\u00a0Agentes de la Divisi\u00f3n de\u00a0\u00a0Veh\u00edculos Robados, de esta Direcci\u00f3n Regional, durante seguimiento a denuncias interpuesta por ciudadanos, recuperaron siete veh\u00edculos, los mismos hab\u00edan sido reportados como sustra\u00eddos a sus propietarios en diversos sectores de esta provincia.<\/p>\n\n\n\n<p>Entre las motocicletas recuperadas figuran, la motocicleta marca Benye, modelo CG-150, chasis No. LBEJLX21TLA190823, color rojo, placa K2256470, a\u00f1o 2021, otra marca Yamaha, modelo 3KJ, chasis No. 3KJ-7748238, color gris, placa K0248200, a\u00f1o 1993, as\u00ed como tambi\u00e9n la motocicleta marca Gacela, color blanco, a\u00f1o 2011, placa No. K1778296, chasis No. LFFWGT214J1900025.<\/p>\n\n\n\n<p>Adem\u00e1s fue&nbsp;localizado en la calle principal de Altamira Puerto Plata, el veh\u00edculo marca Hyundai, modelo Sonata Y20, color blanco, placa No. A900640, chasis No. KMHEC41LBFA677034, el mismo fue denunciado como robado mediante descuido por &nbsp;el nombrado&nbsp;Lando, El Cojo, pr\u00f3fugo, sector&nbsp;&nbsp;Ingenio Arriba de esta ciudad el 7 de mayo del presente a\u00f1o.<\/p>\n\n\n\n<p>Otros veh\u00edculos recuperados&nbsp;&nbsp;son la camioneta marca Toyota, modelo Pick Up, color rojo, a\u00f1o 1983,&nbsp;&nbsp;placa No. L099041, chasis No. JT4RN34S3D0082950, en el sector ensanche Berm\u00fadez, presentando denuncia el 15-11-2007.<\/p>\n\n\n\n<p>Tambi\u00e9n fue localizado abandonado mediante localizador (GPS), en el sector Limonar, Licey, el veh\u00edculo marca Kia, modelo K5, color blanco, a\u00f1o 2016, placa A919981, chasis KNAGU416BGA005333, el mismo al ser depurado en nuestro centro de c\u00f3mputo figura con denuncia de fecha 06-05-2023, interpuesta por un agente policial, propietario del mismo.<\/p>\n\n\n\n<p>Finalmente se recuper\u00f3 el veh\u00edculo&nbsp;marca Volkswagen, modelo&nbsp;Beetle,&nbsp;color negro, a\u00f1o 2000, placa No.&nbsp;A053686, chasis&nbsp;&nbsp;No.&nbsp;3VWCF21C2YM417707.<\/p>\n\n\n\n<p>Los autom\u00f3viles est\u00e1n en poder del departamento correspondiente para los&nbsp;&nbsp;fines legales.<\/p>\n\n\n\n<p><strong>SUBDIRECCION DE COMUNICACIONES ESTRATEGICAS DE LA POLICIA NACIONAL, DIRECCI\u00d3N REGIONAL CIBAO CENTRAL<\/strong><\/p>\n","protected":false},"excerpt":{"rendered":"<p>Archivo: Santiago de los Caballeros,\u00a0\u00a09 de Mayo 2023.-\u00a0Agentes de la Divisi\u00f3n de\u00a0\u00a0Veh\u00edculos Robados, de esta Direcci\u00f3n Regional, durante seguimiento a denuncias interpuesta por ciudadanos, recuperaron siete veh\u00edculos, los mismos hab\u00edan sido reportados como sustra\u00eddos a sus propietarios en diversos sectores de esta provincia. Entre las motocicletas recuperadas figuran, la motocicleta marca Benye, modelo CG-150, chasis [&hellip;]<\/p>\n","protected":false},"author":28,"featured_media":409915,"comment_status":"closed","ping_status":"","sticky":false,"template":"","format":"standard","meta":{"footnotes":""},"categories":[29],"tags":[],"class_list":["post-439103","post","type-post","status-publish","format-standard","has-post-thumbnail","hentry","category-policiasucesos"],"_links":{"self":[{"href":"https:\/\/diariodominicano.com\/index.php?rest_route=\/wp\/v2\/posts\/439103","targetHints":{"allow":["GET"]}}],"collection":[{"href":"https:\/\/diariodominicano.com\/index.php?rest_route=\/wp\/v2\/posts"}],"about":[{"href":"https:\/\/diariodominicano.com\/index.php?rest_route=\/wp\/v2\/types\/post"}],"author":[{"embeddable":true,"href":"https:\/\/diariodominicano.com\/index.php?rest_route=\/wp\/v2\/users\/28"}],"replies":[{"embeddable":true,"href":"https:\/\/diariodominicano.com\/index.php?rest_route=%2Fwp%2Fv2%2Fcomments&post=439103"}],"version-history":[{"count":2,"href":"https:\/\/diariodominicano.com\/index.php?rest_route=\/wp\/v2\/posts\/439103\/revisions"}],"predecessor-version":[{"id":439105,"href":"https:\/\/diariodominicano.com\/index.php?rest_route=\/wp\/v2\/posts\/439103\/revisions\/439105"}],"wp:featuredmedia":[{"embeddable":true,"href":"https:\/\/diariodominicano.com\/index.php?rest_route=\/wp\/v2\/media\/409915"}],"wp:attachment":[{"href":"https:\/\/diariodominicano.com\/index.php?rest_route=%2Fwp%2Fv2%2Fmedia&parent=439103"}],"wp:term":[{"taxonomy":"category","embeddable":true,"href":"https:\/\/diariodominicano.com\/index.php?rest_route=%2Fwp%2Fv2%2Fcategories&post=439103"},{"taxonomy":"post_tag","embeddable":true,"href":"https:\/\/diariodominicano.com\/index.php?rest_route=%2Fwp%2Fv2%2Ftags&post=439103"}],"curies":[{"name":"wp","href":"https:\/\/api.w.org\/{rel}","templated":true}]}}