{"id":43892,"date":"2019-05-20T01:06:49","date_gmt":"2019-05-20T01:06:49","guid":{"rendered":"http:\/\/diariodominicano.ddns.net\/?p=43892"},"modified":"2019-05-20T01:06:49","modified_gmt":"2019-05-20T01:06:49","slug":"lecciones-aprendidas-con-leonel","status":"publish","type":"post","link":"https:\/\/diariodominicano.com\/?p=43892","title":{"rendered":"\u00a1LECCIONES APRENDIDAS&#13; CON LEONEL!"},"content":{"rendered":"<p><body><\/p>\n<p><strong>FRANKLIN ALMEYDA RANCIER<\/strong><\/p>\n<\/p>\n<p>Resultan lecciones aprendidas lo ocurrido y el comportamiento pol\u00edtico del Dr. Leonel Fern\u00e1ndez, en el recorrido del 2012 a la fecha. Adversado sin ser el gobernante, soport\u00f3 sin responder los agravios; embestido desde su propio partido y equipo gobernante que apoy\u00f3 para que ganara en dos comicios consecutivos. <\/p>\n<\/p>\n<p>Cuando lo cre\u00edan debilitado, se templ\u00f3 como el acero. Lo creyeron descalificado, pero sus adversarios cometieron errores sucesivos. Empezaron por victimizarlo agravi\u00e1ndolo y as\u00ed lo ha percibido el pueblo. En esta situaci\u00f3n, los pueblos se expresan igual que las personas individuales, se inclinan por proteger y desagraviar al que es v\u00edctima de una ofensa.<\/p>\n<\/p>\n<p>Sin embargo, el punto decisivo ha sido la oportunidad que se le ha dado para sustentar una causa. Al pretenderse desbordar los l\u00edmites constitucionales para que el Presidente Medina permanezca en el poder, el Dr. Fern\u00e1ndez se ha plantado constituy\u00e9ndose en un liderato garante de la Constituci\u00f3n.<\/p>\n<\/p>\n<p>Ha sido muy preciso demostrando que la Constituci\u00f3n norma el r\u00e9gimen democr\u00e1tico; ambos van juntos, sin Constituci\u00f3n no hay democracia, sino dictadura. En \u00e9sta se norman los derechos y el funcionamiento del Estado y sus instituciones.<\/p>\n<\/p>\n<p>Al Dr. Leonel Fern\u00e1ndez le ha lucido ese papel, por su perfil hist\u00f3rico y de Estado. Precisamente porque ha sido Presidente, eso espera el pueblo de \u00e9l. Simpatizantes lo ven como un candidato presidencial, pero \u00e9l est\u00e1 apoderado, como personaje con sentido hist\u00f3rico y de Estado, de que su rol es liderar la poblaci\u00f3n dominicana para hacer respetar la Carta Magna, por recogerse en ella las reglas de juego del r\u00e9gimen democr\u00e1tico.<\/p>\n<\/p>\n<p>Sus adversarios pasaron a polarizar el pa\u00eds en ese punto, en vez de bajar bandera. Crey\u00e9ndose mayor\u00eda en la c\u00fapula partidaria y en el poder persuasivo sobre los legisladores, centraron sus esfuerzos en buscar la reelecci\u00f3n del Presidente  Medina. \u00c9ste favoreci\u00f3 esa creencia y ahond\u00f3 la polarizaci\u00f3n, cerr\u00e1ndole de hecho las posibilidades de ser candidatos presidenciales a otras figuras de su cercan\u00eda.<\/p>\n<\/p>\n<p>Ahora el pa\u00eds rechaza una reforma o cualquier otra forma que implique desbordar los l\u00edmites constitucionales, para favorecer una reelecci\u00f3n del Presidente Medina. <\/p>\n<\/p>\n<p>En esta polarizaci\u00f3n pol\u00edtica, hay una mayor\u00eda aplastante contra dicha reforma. Si no hay reforma, eso convierte al Dr. Fern\u00e1ndez en el \u00fanico candidato posible del PLD. La reforma s\u00f3lo ser\u00eda posible usando mecanismos propios de la represi\u00f3n y creando un ambiente de ingobernabilidad y desobediencia civil.<\/p>\n<\/p>\n<p>Expres\u00e9 en la reuni\u00f3n del CP del lunes 13, que estamos obligados a ponernos de acuerdo, paso a paso y caso a caso. Refer\u00ed las consecuencias, rememorando lo que desde el 2013 advert\u00eda, en el sentido de que en Am\u00e9rica Latina los conservadores decidieron politizar la corrupci\u00f3n y judicializar la pol\u00edtica. El dise\u00f1o  empez\u00f3 por Brasil y ah\u00ed est\u00e1 preso Lula y en Per\u00fa hay cuatro ex presidentes presos y uno suicidado.<\/p>\n<\/p>\n<p>El PLD no tiene otra opci\u00f3n, m\u00e1s que sumarse a la causa constitucional asumida por el Dr. Fern\u00e1ndez, que es el prop\u00f3sito hist\u00f3rico del PLD; y, adem\u00e1s, el de hacerlo su candidato. Para ello, se debe llegar a acuerdos para una renovaci\u00f3n del modelo econ\u00f3mico, de nuevas esperanzas y cualificaci\u00f3n del pensamiento partidario..<\/p>\n<\/p>\n<p>Este proceso iniciado desde el segundo semestre del 2012, trae lecciones pol\u00edticas aprendidas y el pueblo valora el papel de Estado e hist\u00f3rico jugado por el Dr. Leonel Fernandez. <\/p>\n<p><strong>El autor es miembro del CP del PLD, ex Ministro de Interior y ex Rector de la UASD.<\/strong><\/p>\n<\/p>\n<h6> 2019-05-20 01:06:49 <\/h6>\n<p><!--\n<link rel=\"stylesheet\" href=\"css\/bootstrap.min.css\">\n\n\n<ul class=\"pagination\">\n\t    \n\t\n\n<li >\n\t<a href='?page_no=675'>Previous<\/a>\n\t<\/li>\n\n\n       \n    \n\n<li><a href='?page_no=1'>1<\/a><\/li>\n\n\n\n<li><a href='?page_no=2'>2<\/a><\/li>\n\n\n\n<li><a>...<\/a><\/li>\n\n\n\n<li><a href='?page_no=674'>674<\/a><\/li>\n\n\n\n<li><a href='?page_no=675'>675<\/a><\/li>\n\n\n\n<li class='active'><a>676<\/a><\/li>\n\n\n\n<li><a href='?page_no=677'>677<\/a><\/li>\n\n\n\n<li><a href='?page_no=678'>678<\/a><\/li>\n\n\n\n<li><a>...<\/a><\/li>\n\n\n\n<li><a href='?page_no=13611'>13611<\/a><\/li>\n\n\n\n<li><a href='?page_no=13612'>13612<\/a><\/li>\n\n    \n\t\n\n<li >\n\t<a href='?page_no=677'>Next<\/a>\n\t<\/li>\n\n\n    \n\n<li><a href='?page_no=13612'>Last &rsaquo;&rsaquo;<\/a><\/li>\n\n<\/ul>\n\n\n--><br \/>\n<\/body><\/p>\n","protected":false},"excerpt":{"rendered":"<p>FRANKLIN ALMEYDA RANCIER Resultan lecciones aprendidas lo ocurrido y el comportamiento pol\u00edtico del Dr. Leonel Fern\u00e1ndez, en el recorrido del 2012 a la fecha. Adversado sin ser el gobernante, soport\u00f3 sin responder los agravios; embestido desde su propio partido y equipo gobernante que apoy\u00f3 para que ganara en dos comicios consecutivos. Cuando lo cre\u00edan debilitado, [&hellip;]<\/p>\n","protected":false},"author":3,"featured_media":0,"comment_status":"open","ping_status":"open","sticky":false,"template":"","format":"standard","meta":{"footnotes":""},"categories":[16],"tags":[],"class_list":["post-43892","post","type-post","status-publish","format-standard","hentry","category-opiniones"],"_links":{"self":[{"href":"https:\/\/diariodominicano.com\/index.php?rest_route=\/wp\/v2\/posts\/43892","targetHints":{"allow":["GET"]}}],"collection":[{"href":"https:\/\/diariodominicano.com\/index.php?rest_route=\/wp\/v2\/posts"}],"about":[{"href":"https:\/\/diariodominicano.com\/index.php?rest_route=\/wp\/v2\/types\/post"}],"author":[{"embeddable":true,"href":"https:\/\/diariodominicano.com\/index.php?rest_route=\/wp\/v2\/users\/3"}],"replies":[{"embeddable":true,"href":"https:\/\/diariodominicano.com\/index.php?rest_route=%2Fwp%2Fv2%2Fcomments&post=43892"}],"version-history":[{"count":0,"href":"https:\/\/diariodominicano.com\/index.php?rest_route=\/wp\/v2\/posts\/43892\/revisions"}],"wp:attachment":[{"href":"https:\/\/diariodominicano.com\/index.php?rest_route=%2Fwp%2Fv2%2Fmedia&parent=43892"}],"wp:term":[{"taxonomy":"category","embeddable":true,"href":"https:\/\/diariodominicano.com\/index.php?rest_route=%2Fwp%2Fv2%2Fcategories&post=43892"},{"taxonomy":"post_tag","embeddable":true,"href":"https:\/\/diariodominicano.com\/index.php?rest_route=%2Fwp%2Fv2%2Ftags&post=43892"}],"curies":[{"name":"wp","href":"https:\/\/api.w.org\/{rel}","templated":true}]}}