{"id":438889,"date":"2023-05-10T08:16:18","date_gmt":"2023-05-10T12:16:18","guid":{"rendered":"http:\/\/diariodominicano.com\/?p=438889"},"modified":"2023-05-10T08:16:18","modified_gmt":"2023-05-10T12:16:18","slug":"investigan-dos-detenidos-por-muerte-de-fausto-reyes-tejada-hallado-enterrado-en-una-residencia-en-la-vega","status":"publish","type":"post","link":"https:\/\/diariodominicano.com\/?p=438889","title":{"rendered":"Investigan dos detenidos por muerte de Fausto Reyes Tejada hallado enterrado en una residencia en La Vega"},"content":{"rendered":"\n<p>diariodominicano.com<\/p>\n\n\n\n<p><em><u>El cuerpo de Reyes Tejada, quien hab\u00eda sido reportado como desaparecido por sus familiares, fue encontrado enterrado debajo de una peque\u00f1a piscina en el patio trasero de una residencia en esa provincia<\/u><\/em><em><u>&nbsp;<\/u><\/em><em><u><\/u><\/em><\/p>\n\n\n\n<p>La Vega, R. D.,  R. D., 10 de mayo, 2023.- El Ministerio P\u00fablico de esta provincia conjuntamente con la Polic\u00eda Nacional investiga a Edwin Alberto Holgu\u00edn Robles, tambi\u00e9n conocido como Piquete, y a Anderson Lorenzo Alc\u00e1ntara, presuntos autores materiales del crimen de Fausto Reyes Tejada, cuyo cuerpo fue hallado ayer\u00a0sin vida, luego de que el pasado 6 de mayo fuera reportado como desaparecido por sus familiares.\u00a0<\/p>\n\n\n\n<p>Edwin Alberto Holgu\u00edn Robles y Anderson Lorenzo Alc\u00e1ntara fueron detenidos luego de que se estableciera su vinculaci\u00f3n al caso.&nbsp;<\/p>\n\n\n\n<p>El cuerpo del dominicano Reyes Tejada, de 51 a\u00f1os de edad, fue encontrado enterrado debajo de una peque\u00f1a piscina en el patio trasero de una residencia ubicada en el sector Villa Francisca II, provincia La Vega.&nbsp;<\/p>\n\n\n\n<p>Las autoridades informaron en un comunicado de prensa que est\u00e1 pendiente la autopsia, al tiempo de indicar que hasta el momento la causa de la muerte es indeterminada por el avanzado estado de descomposici\u00f3n del cuerpo.&nbsp;<\/p>\n\n\n\n<p>En el transcurso de las pesquisas se ha establecido que Piquete, junto con Alc\u00e1ntara, mataron a Reyes Tejada el pasado 3 de mayo de 2023, luego de regresar de un restaurante. &nbsp;<\/p>\n\n\n\n<p>La v\u00edctima fue amordazada y colocada dentro de una maleta roja y negra, que luego se coloc\u00f3 dentro de una camioneta Nissan Frontier 2018, color blanca, propiedad del hoy occiso. &nbsp;<\/p>\n\n\n\n<p>Posteriormente, los sospechosos trasladaron la maleta a la residencia de Nathali Leticia Alba P\u00e9rez, la novia del tal Piquete, donde enterraron el cuerpo de la v\u00edctima debajo de la referida piscina. &nbsp;<\/p>\n\n\n\n<p>Seg\u00fan se inform\u00f3, miembros del Ministerio P\u00fablico y la Polic\u00eda Nacional durante las pesquisas recogieron varias pruebas, entre ellas, un balde de pl\u00e1stico blanco con pintura azul y un rodillo utilizado para pintar la piscina. &nbsp;<\/p>\n\n\n\n<p>Piquete inicialmente afirm\u00f3 que Reyes Tejada se hab\u00eda ido para asustar a su exnovia y que sab\u00eda d\u00f3nde estaba, pero la familia de la v\u00edctima lo report\u00f3 como desaparecido.&nbsp;<\/p>\n\n\n\n<p>La fiscal titular de La Vega, Aura Luz Garc\u00eda Mart\u00ednez, inform\u00f3 que contin\u00faan ampliando las investigaciones.&nbsp;<\/p>\n\n\n\n<p>Fuente:  Direcci\u00f3n General de Comunicaci\u00f3n, Prensa, y RRPP<\/p>\n\n\n\n<p>Ministerio P\u00fablico.&nbsp;R.D.<\/p>\n\n\n\n<p>Mi\u00e9rcoles, 10 de mayo de 2023.<\/p>\n","protected":false},"excerpt":{"rendered":"<p>diariodominicano.com El cuerpo de Reyes Tejada, quien hab\u00eda sido reportado como desaparecido por sus familiares, fue encontrado enterrado debajo de una peque\u00f1a piscina en el patio trasero de una residencia en esa provincia&nbsp; La Vega, R. D., R. D., 10 de mayo, 2023.- El Ministerio P\u00fablico de esta provincia conjuntamente con la Polic\u00eda Nacional investiga [&hellip;]<\/p>\n","protected":false},"author":5,"featured_media":438898,"comment_status":"closed","ping_status":"","sticky":true,"template":"","format":"standard","meta":{"footnotes":""},"categories":[24,29,27],"tags":[],"class_list":["post-438889","post","type-post","status-publish","format-standard","has-post-thumbnail","hentry","category-justicia-y-derecho","category-policiasucesos","category-portada"],"_links":{"self":[{"href":"https:\/\/diariodominicano.com\/index.php?rest_route=\/wp\/v2\/posts\/438889","targetHints":{"allow":["GET"]}}],"collection":[{"href":"https:\/\/diariodominicano.com\/index.php?rest_route=\/wp\/v2\/posts"}],"about":[{"href":"https:\/\/diariodominicano.com\/index.php?rest_route=\/wp\/v2\/types\/post"}],"author":[{"embeddable":true,"href":"https:\/\/diariodominicano.com\/index.php?rest_route=\/wp\/v2\/users\/5"}],"replies":[{"embeddable":true,"href":"https:\/\/diariodominicano.com\/index.php?rest_route=%2Fwp%2Fv2%2Fcomments&post=438889"}],"version-history":[{"count":1,"href":"https:\/\/diariodominicano.com\/index.php?rest_route=\/wp\/v2\/posts\/438889\/revisions"}],"predecessor-version":[{"id":438899,"href":"https:\/\/diariodominicano.com\/index.php?rest_route=\/wp\/v2\/posts\/438889\/revisions\/438899"}],"wp:featuredmedia":[{"embeddable":true,"href":"https:\/\/diariodominicano.com\/index.php?rest_route=\/wp\/v2\/media\/438898"}],"wp:attachment":[{"href":"https:\/\/diariodominicano.com\/index.php?rest_route=%2Fwp%2Fv2%2Fmedia&parent=438889"}],"wp:term":[{"taxonomy":"category","embeddable":true,"href":"https:\/\/diariodominicano.com\/index.php?rest_route=%2Fwp%2Fv2%2Fcategories&post=438889"},{"taxonomy":"post_tag","embeddable":true,"href":"https:\/\/diariodominicano.com\/index.php?rest_route=%2Fwp%2Fv2%2Ftags&post=438889"}],"curies":[{"name":"wp","href":"https:\/\/api.w.org\/{rel}","templated":true}]}}