{"id":438854,"date":"2023-05-10T07:08:27","date_gmt":"2023-05-10T11:08:27","guid":{"rendered":"http:\/\/diariodominicano.com\/?p=438854"},"modified":"2023-05-10T07:08:27","modified_gmt":"2023-05-10T11:08:27","slug":"imponen-tres-meses-de-prision-preventiva-a-mayor-del-ejercito-imputado-de-matar-a-balazos-a-oficial-de-la-policia-nacional","status":"publish","type":"post","link":"https:\/\/diariodominicano.com\/?p=438854","title":{"rendered":"Imponen tres meses de prisi\u00f3n preventiva a mayor del Ej\u00e9rcito imputado de matar a balazos a oficial de la Polic\u00eda Nacional"},"content":{"rendered":"\n<p><strong>SANTO DOMINGO, Rep\u00fablica Dominicana.-\u00a0<\/strong>El juez Rigoberto Sena, del Juzgado de Atenci\u00f3n Permanente del Distrito Nacional, impuso tres meses de prisi\u00f3n preventiva, como medida de coerci\u00f3n, al mayor del Ej\u00e9rcito Francisco Reyes Santana Oviedo, vinculado con la muerte de un mayor de la Polic\u00eda Nacional y de herir a un raso del Ej\u00e9rcito, en un hecho ocurrido el 4 de mayo pasado entre las avenidas Abraham Lincoln y John F. Kennedy, del Distrito Nacional.\u00a0<\/p>\n\n\n\n<p>El oficial Santana Oviedo es imputado por el Ministerio P\u00fablico por provocar la muerte al oficial policial Juan Luis Mercedes Sierra, de 53 a\u00f1os de edad, y de herir al raso del Ej\u00e9rcito Sucre Gabriel Bautista Paulino, de 27 a\u00f1os, haciendo uso de su arma de reglamento, durante un incidente mientras transitaban en una camioneta de la Comisi\u00f3n Militar y Policial del Ministerio de Obras P\u00fablicas.&nbsp;<\/p>\n\n\n\n<p>El expediente presentado por la fiscal adjunta Santa Matilde Reyes Valenzuela, del Departamento de Asuntos Internos de la Fiscal\u00eda del Distrito Nacional, otorg\u00f3 la calificaci\u00f3n jur\u00eddica al presente caso de homicidio voluntario, delito que est\u00e1 tipificado por los art\u00edculos 295, 304 y 309 del C\u00f3digo Penal Dominicano.&nbsp;<\/p>\n\n\n\n<p>La fiscal Matilde Reyes narr\u00f3 durante la audiencia que el hecho se produjo luego de que el raso Bautista Paulino y el mayor Mercedes Sierra trataran de llevar a Santana Oviedo a su residencia debido a su estado de embriaguez, tras salir de una actividad donde compart\u00eda con unos amigos.&nbsp;<\/p>\n\n\n\n<p>El documento judicial establece que justo cuando era trasladado a su hogar, el mayor Santana Oviedo se molest\u00f3 y exigi\u00f3 que lo llevaran r\u00e1pido a su casa, que les daba tres minutos para llegar al lugar y cuando nadie lo esperaba, hal\u00f3 su arma de reglamento y le propin\u00f3 un disparo al chofer Bautista Paulino, caus\u00e1ndole una herida en el cuello.&nbsp;<\/p>\n\n\n\n<p>La instancia a\u00f1ade que en ese instante el raso Bautista Paulino logr\u00f3 desmontarse del referido veh\u00edculo y sali\u00f3 huyendo, en tanto que el mayor policial Mercedes Sierra result\u00f3 impactado por varios disparos en la regi\u00f3n parietal que le produjeron la muerte de manera instant\u00e1nea en el mismo lugar del hecho.&nbsp;<\/p>\n\n\n\n<p>Por disposici\u00f3n del tribunal, el imputado cumplir\u00e1 la reclusi\u00f3n en el Centro de Correcci\u00f3n y Rehabilitaci\u00f3n (CCR) El Pinito, en la provincia de La Vega, hasta tanto el Ministerio P\u00fablico concluya sus investigaciones en torno al hecho de sangre.&nbsp;<\/p>\n\n\n\n<p><strong>Direcci\u00f3n General de Comunicaci\u00f3n, Prensa, y RRPP<\/strong><\/p>\n\n\n\n<p>Ministerio P\u00fablico.&nbsp;R.D.<\/p>\n\n\n\n<p>Martes, 9 de mayo de 2023.<\/p>\n","protected":false},"excerpt":{"rendered":"<p>SANTO DOMINGO, Rep\u00fablica Dominicana.-\u00a0El juez Rigoberto Sena, del Juzgado de Atenci\u00f3n Permanente del Distrito Nacional, impuso tres meses de prisi\u00f3n preventiva, como medida de coerci\u00f3n, al mayor del Ej\u00e9rcito Francisco Reyes Santana Oviedo, vinculado con la muerte de un mayor de la Polic\u00eda Nacional y de herir a un raso del Ej\u00e9rcito, en un hecho [&hellip;]<\/p>\n","protected":false},"author":28,"featured_media":334805,"comment_status":"closed","ping_status":"","sticky":true,"template":"","format":"standard","meta":{"footnotes":""},"categories":[24,29,27],"tags":[],"class_list":["post-438854","post","type-post","status-publish","format-standard","has-post-thumbnail","hentry","category-justicia-y-derecho","category-policiasucesos","category-portada"],"_links":{"self":[{"href":"https:\/\/diariodominicano.com\/index.php?rest_route=\/wp\/v2\/posts\/438854","targetHints":{"allow":["GET"]}}],"collection":[{"href":"https:\/\/diariodominicano.com\/index.php?rest_route=\/wp\/v2\/posts"}],"about":[{"href":"https:\/\/diariodominicano.com\/index.php?rest_route=\/wp\/v2\/types\/post"}],"author":[{"embeddable":true,"href":"https:\/\/diariodominicano.com\/index.php?rest_route=\/wp\/v2\/users\/28"}],"replies":[{"embeddable":true,"href":"https:\/\/diariodominicano.com\/index.php?rest_route=%2Fwp%2Fv2%2Fcomments&post=438854"}],"version-history":[{"count":1,"href":"https:\/\/diariodominicano.com\/index.php?rest_route=\/wp\/v2\/posts\/438854\/revisions"}],"predecessor-version":[{"id":438857,"href":"https:\/\/diariodominicano.com\/index.php?rest_route=\/wp\/v2\/posts\/438854\/revisions\/438857"}],"wp:featuredmedia":[{"embeddable":true,"href":"https:\/\/diariodominicano.com\/index.php?rest_route=\/wp\/v2\/media\/334805"}],"wp:attachment":[{"href":"https:\/\/diariodominicano.com\/index.php?rest_route=%2Fwp%2Fv2%2Fmedia&parent=438854"}],"wp:term":[{"taxonomy":"category","embeddable":true,"href":"https:\/\/diariodominicano.com\/index.php?rest_route=%2Fwp%2Fv2%2Fcategories&post=438854"},{"taxonomy":"post_tag","embeddable":true,"href":"https:\/\/diariodominicano.com\/index.php?rest_route=%2Fwp%2Fv2%2Ftags&post=438854"}],"curies":[{"name":"wp","href":"https:\/\/api.w.org\/{rel}","templated":true}]}}