{"id":438837,"date":"2023-05-09T23:57:05","date_gmt":"2023-05-10T03:57:05","guid":{"rendered":"http:\/\/diariodominicano.com\/?p=438837"},"modified":"2023-05-09T23:57:05","modified_gmt":"2023-05-10T03:57:05","slug":"ministerio-publico-solicita-18-meses-de-prision-preventiva-contra-dos-hombres-implicados-en-muerte-de-eduardo-generoso-perez-y-maribel-del-carmen-acosta-en-estero-hondo","status":"publish","type":"post","link":"https:\/\/diariodominicano.com\/?p=438837","title":{"rendered":"Ministerio P\u00fablico solicita 18 meses de prisi\u00f3n preventiva contra dos hombres implicados en muerte de Eduardo Generoso P\u00e9rez y Maribel del Carmen Acosta en Estero Hondo"},"content":{"rendered":"\n<p> Doctor Eduardo Generoso P\u00e9rez y Maribel del Carmen Acosta <\/p>\n\n\n\n<p><em><u>Tambi\u00e9n, solicit\u00f3 que<\/u><\/em><em><u>&nbsp;<\/u><\/em><em><u>se<\/u><\/em><em><u>&nbsp;<\/u><\/em><em><u>declare el proceso de tramitaci\u00f3n compleja<\/u><\/em><\/p>\n\n\n\n<p>PUERTO PLATA, Rep\u00fablica Dominicana.- La Fiscal\u00eda de Puerto Plata solicit\u00f3 a la Oficina Judicial de Servicios de Atenci\u00f3n Permanente que imponga 18 meses de prisi\u00f3n preventiva en contra de dos hombres imputados por la muerte del  Doctor Eduardo Generoso P\u00e9rez y  su compa\u00f1era Maribel del Carmen Acosta,   en Estero Hondo y declare el proceso de tramitaci\u00f3n compleja.<\/p>\n\n\n\n<p>En la solicitud de medida de coerci\u00f3n el Ministerio P\u00fablico indica que Juan Alberto Perdomo y Manuel Francisco Pichardo est\u00e1n vinculados a la muerte de las v\u00edctimas Eduardo Generoso P\u00e9rez y Maribel del Carmen Acosta, hecho cometido en fecha 30 de abril de 2023, en el distrito municipal Estero Hondo, municipio de Villa Isabela, provincia Puerto Plata.<\/p>\n\n\n\n<p>Hasta&nbsp; el momento las investigaciones realizadas por el fiscal Julio C\u00e9sar G\u00f3mez y agentes de la Polic\u00eda Nacional han identificado a los imputados Juan Alberto Perdomo y Manuel Francisco Pichardo como los autores materiales del hecho de sangre; motivado a la amenaza de someter a la justicia que le hiciera el se\u00f1or Eduardo Generoso P\u00e9rez luego de enterarse de que los mismos, no obstante a que eran sus empleados de confianza, hab\u00edan estado rob\u00e1ndole animales de su propiedad para venderlos y lucrarse.<\/p>\n\n\n\n<p>Luego de cometer el doble asesinato, los imputados se encargaron de trasladar los cuerpos sin vida a las afueras de la residencia y en la misma finca procedieron a quemar los cuerpos, march\u00e1ndose de dicho lugar y regresando al d\u00eda siguiente, donde recogieron parte de los restos de huesos de los cad\u00e1veres de las v\u00edctimas y lo introdujeron en un saco.<\/p>\n\n\n\n<p>Posteriormente, el imputado Manuel Francisco Pichardo se dispuso a escribirle a la se\u00f1ora Franchesca Acosta, hija de la se\u00f1ora Maribel del Carmen Acosta (occisa), para hacerle creer que su madre estaba viva, mientras que el imputado Juan Alberto Perdomo, hizo lo propio, escribi\u00e9ndole v\u00eda texto al se\u00f1or Eduardo P\u00e9rez, hijo del se\u00f1or Eduardo Generoso P\u00e9rez, con intenci\u00f3n de hacerle creer que sus padres estaban vivos, lo que gener\u00f3 en estos la duda y la sospecha, toda vez que sus padres no acostumbraban a escribirles de esa forma y que su escritura no correspond\u00eda con el nivel acad\u00e9mico de los mismos, enga\u00f1o este que se mantuvo por varios d\u00edas, ya que incluso, el se\u00f1or Eduardo P\u00e9rez se contact\u00f3 en varias ocasiones v\u00eda telef\u00f3nica con el imputado Juan Alberto Perdomo, quien les hac\u00eda creer que las v\u00edctimas se encontraban bien, que ellos estaban vivos, pero que hab\u00edan salido de la casa.<\/p>\n\n\n\n<p>Hasta el momento el Ministerio P\u00fablico ha calificado de manera provisional el caso de violaci\u00f3n a los art\u00edculos 265, 266, 295, 296, 297, 304, 379 y 386-3 del C\u00f3digo Penal Dominicano, los cuales tipifican y sancionan la asociaci\u00f3n de malhechores, el asesinato y el robo asalariado, en perjuicio de los se\u00f1ores Eduardo Generoso P\u00e9rez y Maribel del Carmen Acosta.&nbsp;&nbsp;&nbsp; &nbsp;&nbsp;&nbsp;&nbsp;&nbsp;&nbsp;&nbsp;&nbsp;&nbsp;&nbsp;&nbsp;&nbsp;&nbsp;&nbsp;<\/p>\n\n\n\n<p>Direcci\u00f3n General de&nbsp;<\/p>\n","protected":false},"excerpt":{"rendered":"<p>Doctor Eduardo Generoso P\u00e9rez y Maribel del Carmen Acosta Tambi\u00e9n, solicit\u00f3 que&nbsp;se&nbsp;declare el proceso de tramitaci\u00f3n compleja PUERTO PLATA, Rep\u00fablica Dominicana.- La Fiscal\u00eda de Puerto Plata solicit\u00f3 a la Oficina Judicial de Servicios de Atenci\u00f3n Permanente que imponga 18 meses de prisi\u00f3n preventiva en contra de dos hombres imputados por la muerte del Doctor Eduardo [&hellip;]<\/p>\n","protected":false},"author":28,"featured_media":438182,"comment_status":"closed","ping_status":"","sticky":true,"template":"","format":"standard","meta":{"footnotes":""},"categories":[24,29,27],"tags":[],"class_list":["post-438837","post","type-post","status-publish","format-standard","has-post-thumbnail","hentry","category-justicia-y-derecho","category-policiasucesos","category-portada"],"_links":{"self":[{"href":"https:\/\/diariodominicano.com\/index.php?rest_route=\/wp\/v2\/posts\/438837","targetHints":{"allow":["GET"]}}],"collection":[{"href":"https:\/\/diariodominicano.com\/index.php?rest_route=\/wp\/v2\/posts"}],"about":[{"href":"https:\/\/diariodominicano.com\/index.php?rest_route=\/wp\/v2\/types\/post"}],"author":[{"embeddable":true,"href":"https:\/\/diariodominicano.com\/index.php?rest_route=\/wp\/v2\/users\/28"}],"replies":[{"embeddable":true,"href":"https:\/\/diariodominicano.com\/index.php?rest_route=%2Fwp%2Fv2%2Fcomments&post=438837"}],"version-history":[{"count":1,"href":"https:\/\/diariodominicano.com\/index.php?rest_route=\/wp\/v2\/posts\/438837\/revisions"}],"predecessor-version":[{"id":438838,"href":"https:\/\/diariodominicano.com\/index.php?rest_route=\/wp\/v2\/posts\/438837\/revisions\/438838"}],"wp:featuredmedia":[{"embeddable":true,"href":"https:\/\/diariodominicano.com\/index.php?rest_route=\/wp\/v2\/media\/438182"}],"wp:attachment":[{"href":"https:\/\/diariodominicano.com\/index.php?rest_route=%2Fwp%2Fv2%2Fmedia&parent=438837"}],"wp:term":[{"taxonomy":"category","embeddable":true,"href":"https:\/\/diariodominicano.com\/index.php?rest_route=%2Fwp%2Fv2%2Fcategories&post=438837"},{"taxonomy":"post_tag","embeddable":true,"href":"https:\/\/diariodominicano.com\/index.php?rest_route=%2Fwp%2Fv2%2Ftags&post=438837"}],"curies":[{"name":"wp","href":"https:\/\/api.w.org\/{rel}","templated":true}]}}