{"id":438582,"date":"2023-05-08T23:40:40","date_gmt":"2023-05-09T03:40:40","guid":{"rendered":"http:\/\/diariodominicano.com\/?p=438582"},"modified":"2023-05-08T23:43:34","modified_gmt":"2023-05-09T03:43:34","slug":"temen-hambruna-generalizada-en-haiti","status":"publish","type":"post","link":"https:\/\/diariodominicano.com\/?p=438582","title":{"rendered":"Temen hambruna generalizada en Hait\u00ed"},"content":{"rendered":"\n<p>Puerto Pr\u00edncipe, 8 may (Prensa Latina) El agr\u00f3nomo Jean Andr\u00e9 Victor advirti\u00f3 hoy que Hait\u00ed se dirige hacia una cat\u00e1strofe en t\u00e9rminos de disponibilidad de producci\u00f3n de alimentos, lo cual podr\u00eda significar una hambruna generalizada.&nbsp;&nbsp;&nbsp;&nbsp;<\/p>\n\n\n\n<ul class=\"wp-block-list\"><li>mayo 8, 2023<\/li><li>CDT21:15 (GMT) -0400<\/li><\/ul>\n\n\n\n<p>El tambi\u00e9n dirigente del Movimiento Patri\u00f3tico Popular Dessalinien se\u00f1al\u00f3 a la multiplataforma AlterPresse que con el crecimiento de la poblaci\u00f3n aumenta la amenaza, sino se realizan mejoras urgentes al sistema.<\/p>\n\n\n\n<p>Actualmente casi cinco millones de personas en Hait\u00ed padece inseguridad alimentaria y la cifra podr\u00eda estar relacionada con la depreciaci\u00f3n de la moneda nacional y la expansi\u00f3n de la violencia de las pandillas que limita las actividades econ\u00f3micas, indic\u00f3 una entidad estatal.<\/p>\n\n\n\n<p>La Comisi\u00f3n Nacional de Seguridad Alimentaria alert\u00f3 que los hogares est\u00e1n sumidos en un d\u00e9ficit de alimentos extremo, a pesar de recurrir a estrategias de supervivencia.<\/p>\n\n\n\n<p>La semana pasada, el Informe Global sobre Crisis Alimentaria advirti\u00f3 que Hait\u00ed junto a Somalia, Afganist\u00e1n, Burkina Faso, Nigeria, Sud\u00e1n del Sur y Yemen enfrentan riesgo de hambruna y muerte. Es la primera vez que el pa\u00eds caribe\u00f1o integra la reducida lista.<\/p>\n\n\n\n<p>A inicios de a\u00f1o, el primer ministro, Ariel Henry se comprometi\u00f3 con apoyar la agricultura para reducir los \u00edndices de inseguridad alimentaria y reconoci\u00f3 que es responsabilidad del Gobierno garantizar que los ciudadanos encuentren en cantidad suficiente y a precios asequibles los alimentos que forman parte de los h\u00e1bitos de la poblaci\u00f3n.<\/p>\n\n\n\n<p>Henry enfatiz\u00f3 que esta naci\u00f3n tiene capacidad para producir alimentos y consider\u00f3 contraproducente que se importen los productos que se pueden cultivar en el territorio.<\/p>\n\n\n\n<p>oda\/ane<\/p>\n","protected":false},"excerpt":{"rendered":"<p>Puerto Pr\u00edncipe, 8 may (Prensa Latina) El agr\u00f3nomo Jean Andr\u00e9 Victor advirti\u00f3 hoy que Hait\u00ed se dirige hacia una cat\u00e1strofe en t\u00e9rminos de disponibilidad de producci\u00f3n de alimentos, lo cual podr\u00eda significar una hambruna generalizada.&nbsp;&nbsp;&nbsp;&nbsp; mayo 8, 2023 CDT21:15 (GMT) -0400 El tambi\u00e9n dirigente del Movimiento Patri\u00f3tico Popular Dessalinien se\u00f1al\u00f3 a la multiplataforma AlterPresse que [&hellip;]<\/p>\n","protected":false},"author":28,"featured_media":438583,"comment_status":"closed","ping_status":"","sticky":true,"template":"","format":"standard","meta":{"footnotes":""},"categories":[36,112,23,27],"tags":[],"class_list":["post-438582","post","type-post","status-publish","format-standard","has-post-thumbnail","hentry","category-hombresmujeresycosas","category-haiti","category-internacional","category-portada"],"_links":{"self":[{"href":"https:\/\/diariodominicano.com\/index.php?rest_route=\/wp\/v2\/posts\/438582","targetHints":{"allow":["GET"]}}],"collection":[{"href":"https:\/\/diariodominicano.com\/index.php?rest_route=\/wp\/v2\/posts"}],"about":[{"href":"https:\/\/diariodominicano.com\/index.php?rest_route=\/wp\/v2\/types\/post"}],"author":[{"embeddable":true,"href":"https:\/\/diariodominicano.com\/index.php?rest_route=\/wp\/v2\/users\/28"}],"replies":[{"embeddable":true,"href":"https:\/\/diariodominicano.com\/index.php?rest_route=%2Fwp%2Fv2%2Fcomments&post=438582"}],"version-history":[{"count":1,"href":"https:\/\/diariodominicano.com\/index.php?rest_route=\/wp\/v2\/posts\/438582\/revisions"}],"predecessor-version":[{"id":438584,"href":"https:\/\/diariodominicano.com\/index.php?rest_route=\/wp\/v2\/posts\/438582\/revisions\/438584"}],"wp:featuredmedia":[{"embeddable":true,"href":"https:\/\/diariodominicano.com\/index.php?rest_route=\/wp\/v2\/media\/438583"}],"wp:attachment":[{"href":"https:\/\/diariodominicano.com\/index.php?rest_route=%2Fwp%2Fv2%2Fmedia&parent=438582"}],"wp:term":[{"taxonomy":"category","embeddable":true,"href":"https:\/\/diariodominicano.com\/index.php?rest_route=%2Fwp%2Fv2%2Fcategories&post=438582"},{"taxonomy":"post_tag","embeddable":true,"href":"https:\/\/diariodominicano.com\/index.php?rest_route=%2Fwp%2Fv2%2Ftags&post=438582"}],"curies":[{"name":"wp","href":"https:\/\/api.w.org\/{rel}","templated":true}]}}