{"id":438447,"date":"2023-05-08T18:07:56","date_gmt":"2023-05-08T22:07:56","guid":{"rendered":"http:\/\/diariodominicano.com\/?p=438447"},"modified":"2023-05-08T18:08:08","modified_gmt":"2023-05-08T22:08:08","slug":"la-pn-anuncia-captura-de-reconocido-delincuente-naso-por-asalto-a-mano-armada-en-santiago","status":"publish","type":"post","link":"https:\/\/diariodominicano.com\/?p=438447","title":{"rendered":"La PN anuncia captura de reconocido delincuente \u201cNaso\u201d por\u00a0\u00a0asalto a mano armada en Santiago"},"content":{"rendered":"\n<p>Imagen de archivo:<\/p>\n\n\n\n<p>La PN se\u00f1ala en una nota de prensa que tambi\u00e9n es autor de herir por proyectil de arma de fuego a varias personas.-<\/p>\n\n\n\n<p><strong>Santiago de los Caballeros, 8 de Mayo 2023.-<\/strong>\u00a0La PN inform\u00f3 que mediante ardua labor de inteligencia y seguimiento, agentes de investigaciones adscritos a la Direcci\u00f3n Regional Cibao Central, apresaron un reconocido delincuente a quien se le atribuye m\u00faltiples asaltos a mano armada y herir por\u00a0\u00a0proyectil de arma de fuego a varias personas, en diferentes sectores de esta ciudad.\u00a0<\/p>\n\n\n\n<p>El prevenido es Abelito Contreras Contreras, alias&nbsp;&nbsp;Naso, de 25 a\u00f1os, residente en Los Solares De Bella Vista.<\/p>\n\n\n\n<p>Contreras fue arrestado por el hecho de este en fecha 08-03-2023, en compa\u00f1\u00eda de un tal Alfredo, Joel y una persona en proceso de identificaci\u00f3n,&nbsp;&nbsp;realizar un robo a mano armada en una joyer\u00eda ubicada en la calle Principal, sector Pek\u00edn, donde adem\u00e1s&nbsp;&nbsp;hirieron a Nelson Germosen S\u00e1nchez.<\/p>\n\n\n\n<p>De acuerdo al informe preliminar Contreras en compa\u00f1\u00eda de los otros en menci\u00f3n, llegaron a dicho negocio, quienes a punta de pistola enca\u00f1onaron a los empleados, lanz\u00e1ndolos&nbsp;al suelo, sustrayendo del lugar, un guillo de color marrillo presumiblemente de oro 14k, de 30 gramos, valorado en la suma 120 mil pesos&nbsp;&nbsp;y varias cadenas de plata 925, los mismos transitaban en una jeepeta CRV blanca.<\/p>\n\n\n\n<p>Adem\u00e1s Abelito Contreras, era buscado mediante la&nbsp;&nbsp;orden de arresto auto No. 02500-2023, por&nbsp;&nbsp;este en compa\u00f1\u00eda de unos tales Babidy, Heran y&nbsp;&nbsp;El Tolete (Pr\u00f3fugos), haberle provocado las heridas de proyectil de arma de fuego,&nbsp;&nbsp;al nacional haitiano Benyi&nbsp;&nbsp;Sanlahier&nbsp;&nbsp;(Bejamin y\/o El Blanco).<\/p>\n\n\n\n<p>Tambi\u00e9n es el autor de ocasionarle las heridas de proyectil de arma de fuego, a los nombrados Michael Payamps Valerio, apodado El Menol y a Carlos Steven Rodr\u00edguez, (Carlito), en hechos por separados, ambos casos por la diputa de venta de estupefacientes.<\/p>\n\n\n\n<p>En&nbsp;&nbsp;cuanto al detenido ser depurado en nuestra plataforma de la Polic\u00eda (SPCC)&nbsp;&nbsp;figura con dos registros por homicidio de fechas 09-04-2017 y&nbsp;&nbsp;03-08-2019.<\/p>\n\n\n\n<p>La Polic\u00eda activa la b\u00fasqueda&nbsp;&nbsp;de los dem\u00e1s implicados en dichos casos, para apresarlos y someterlos a la justicia, mientras que Contreras ya fue sometido.<\/p>\n\n\n\n<p><strong>SUBDIRECCION DE COMUNICACIONES ESTRATEGICAS DE LA POLICIA NACIONAL, DIRECCI\u00d3N REGIONAL CIBAO CENTRAL.<\/strong><\/p>\n","protected":false},"excerpt":{"rendered":"<p>Imagen de archivo: La PN se\u00f1ala en una nota de prensa que tambi\u00e9n es autor de herir por proyectil de arma de fuego a varias personas.- Santiago de los Caballeros, 8 de Mayo 2023.-\u00a0La PN inform\u00f3 que mediante ardua labor de inteligencia y seguimiento, agentes de investigaciones adscritos a la Direcci\u00f3n Regional Cibao Central, apresaron [&hellip;]<\/p>\n","protected":false},"author":28,"featured_media":390452,"comment_status":"closed","ping_status":"","sticky":true,"template":"","format":"standard","meta":{"footnotes":""},"categories":[24,29],"tags":[],"class_list":["post-438447","post","type-post","status-publish","format-standard","has-post-thumbnail","hentry","category-justicia-y-derecho","category-policiasucesos"],"_links":{"self":[{"href":"https:\/\/diariodominicano.com\/index.php?rest_route=\/wp\/v2\/posts\/438447","targetHints":{"allow":["GET"]}}],"collection":[{"href":"https:\/\/diariodominicano.com\/index.php?rest_route=\/wp\/v2\/posts"}],"about":[{"href":"https:\/\/diariodominicano.com\/index.php?rest_route=\/wp\/v2\/types\/post"}],"author":[{"embeddable":true,"href":"https:\/\/diariodominicano.com\/index.php?rest_route=\/wp\/v2\/users\/28"}],"replies":[{"embeddable":true,"href":"https:\/\/diariodominicano.com\/index.php?rest_route=%2Fwp%2Fv2%2Fcomments&post=438447"}],"version-history":[{"count":3,"href":"https:\/\/diariodominicano.com\/index.php?rest_route=\/wp\/v2\/posts\/438447\/revisions"}],"predecessor-version":[{"id":438450,"href":"https:\/\/diariodominicano.com\/index.php?rest_route=\/wp\/v2\/posts\/438447\/revisions\/438450"}],"wp:featuredmedia":[{"embeddable":true,"href":"https:\/\/diariodominicano.com\/index.php?rest_route=\/wp\/v2\/media\/390452"}],"wp:attachment":[{"href":"https:\/\/diariodominicano.com\/index.php?rest_route=%2Fwp%2Fv2%2Fmedia&parent=438447"}],"wp:term":[{"taxonomy":"category","embeddable":true,"href":"https:\/\/diariodominicano.com\/index.php?rest_route=%2Fwp%2Fv2%2Fcategories&post=438447"},{"taxonomy":"post_tag","embeddable":true,"href":"https:\/\/diariodominicano.com\/index.php?rest_route=%2Fwp%2Fv2%2Ftags&post=438447"}],"curies":[{"name":"wp","href":"https:\/\/api.w.org\/{rel}","templated":true}]}}