{"id":438413,"date":"2023-05-08T17:29:04","date_gmt":"2023-05-08T21:29:04","guid":{"rendered":"http:\/\/diariodominicano.com\/?p=438413"},"modified":"2023-05-08T17:29:29","modified_gmt":"2023-05-08T21:29:29","slug":"condenan-a-15-anos-de-prision-a-un-hombre-que-violo-y-embarazo-a-una-joven-con-condicion-especial","status":"publish","type":"post","link":"https:\/\/diariodominicano.com\/?p=438413","title":{"rendered":"Condenan a 15 a\u00f1os de prisi\u00f3n a un hombre que viol\u00f3 y embaraz\u00f3 a una joven con condici\u00f3n especial\u00a0"},"content":{"rendered":"\n<p>Archivo: <\/p>\n\n\n\n<p>SANTO DOMINGO ESTE, Rep\u00fablica Dominicana.- La Fiscal\u00eda de Santo Domingo Este y Norte obtuvo una condena de 15 a\u00f1os de prisi\u00f3n en contra de un hombre que viol\u00f3 y\u00a0 embaraz\u00f3 a una joven de 25 a\u00f1os de edad, con condici\u00f3n especial, en un hecho ocurrido en el a\u00f1o 2021, en Santo Domingo Este.\u00a0<\/p>\n\n\n\n<p>El Primer Tribunal Colegiado de esa jurisdicci\u00f3n, que preside la jueza Esperanza Rodr\u00edguez Espinal, dict\u00f3 la sentencia a Andr\u00e9s Carmona Guerrero, a quien envi\u00f3 a la Penitenciar\u00eda Nacional de La Victoria por el hecho cometido en perjuicio de la joven, cuyo nombre se omite para preservar su identidad, y del Estado dominicano.&nbsp;<\/p>\n\n\n\n<p>El expediente instrumentado por la fiscal investigadora Claudia Valdez establece que el hecho ocurri\u00f3 el 10 de octubre de 2021, luego de que el procesado penetrara a la vivienda de la v\u00edctima, aprovechando que esta se encontraba sola.&nbsp;<\/p>\n\n\n\n<p>Durante el juicio, el Ministerio P\u00fablico, representado por el fiscal litigante Ignacio Rojas, demostr\u00f3 ante el tribunal la responsabilidad penal del acusado tras presentar diferentes pruebas, incluyendo informes de evaluaciones f\u00edsicas y psicol\u00f3gicas, que permitieron establecer adem\u00e1s la existencia de hechos de violencia que sufri\u00f3 la indefensa mujer.&nbsp;&nbsp;<\/p>\n\n\n\n<p>El Ministerio P\u00fablico les otorg\u00f3 a los hechos la calificaci\u00f3n jur\u00eddica contenida en el art\u00edculo 331, del C\u00f3digo Penal Dominicano, modificado por la Ley 24-97, sobre Violencia de G\u00e9nero e Intrafamiliar, el cual indica que constituye una violaci\u00f3n todo acto de penetraci\u00f3n sexual, de cualquier naturaleza que sea, cometido contra una persona mediante violencia, constre\u00f1imiento, amenaza o sorpresa.&nbsp;<\/p>\n\n\n\n<p><strong>Direcci\u00f3n General de Comunicaci\u00f3n, Prensa, y RRPP<\/strong><\/p>\n\n\n\n<p>Ministerio P\u00fablico.&nbsp;R.D.<\/p>\n\n\n\n<p>Lunes, &nbsp;8 de mayo de 2023.<\/p>\n","protected":false},"excerpt":{"rendered":"<p>Archivo: SANTO DOMINGO ESTE, Rep\u00fablica Dominicana.- La Fiscal\u00eda de Santo Domingo Este y Norte obtuvo una condena de 15 a\u00f1os de prisi\u00f3n en contra de un hombre que viol\u00f3 y\u00a0 embaraz\u00f3 a una joven de 25 a\u00f1os de edad, con condici\u00f3n especial, en un hecho ocurrido en el a\u00f1o 2021, en Santo Domingo Este.\u00a0 El [&hellip;]<\/p>\n","protected":false},"author":28,"featured_media":368341,"comment_status":"closed","ping_status":"","sticky":true,"template":"","format":"standard","meta":{"footnotes":""},"categories":[24,29,27],"tags":[],"class_list":["post-438413","post","type-post","status-publish","format-standard","has-post-thumbnail","hentry","category-justicia-y-derecho","category-policiasucesos","category-portada"],"_links":{"self":[{"href":"https:\/\/diariodominicano.com\/index.php?rest_route=\/wp\/v2\/posts\/438413","targetHints":{"allow":["GET"]}}],"collection":[{"href":"https:\/\/diariodominicano.com\/index.php?rest_route=\/wp\/v2\/posts"}],"about":[{"href":"https:\/\/diariodominicano.com\/index.php?rest_route=\/wp\/v2\/types\/post"}],"author":[{"embeddable":true,"href":"https:\/\/diariodominicano.com\/index.php?rest_route=\/wp\/v2\/users\/28"}],"replies":[{"embeddable":true,"href":"https:\/\/diariodominicano.com\/index.php?rest_route=%2Fwp%2Fv2%2Fcomments&post=438413"}],"version-history":[{"count":2,"href":"https:\/\/diariodominicano.com\/index.php?rest_route=\/wp\/v2\/posts\/438413\/revisions"}],"predecessor-version":[{"id":438415,"href":"https:\/\/diariodominicano.com\/index.php?rest_route=\/wp\/v2\/posts\/438413\/revisions\/438415"}],"wp:featuredmedia":[{"embeddable":true,"href":"https:\/\/diariodominicano.com\/index.php?rest_route=\/wp\/v2\/media\/368341"}],"wp:attachment":[{"href":"https:\/\/diariodominicano.com\/index.php?rest_route=%2Fwp%2Fv2%2Fmedia&parent=438413"}],"wp:term":[{"taxonomy":"category","embeddable":true,"href":"https:\/\/diariodominicano.com\/index.php?rest_route=%2Fwp%2Fv2%2Fcategories&post=438413"},{"taxonomy":"post_tag","embeddable":true,"href":"https:\/\/diariodominicano.com\/index.php?rest_route=%2Fwp%2Fv2%2Ftags&post=438413"}],"curies":[{"name":"wp","href":"https:\/\/api.w.org\/{rel}","templated":true}]}}