{"id":438400,"date":"2023-05-08T17:19:23","date_gmt":"2023-05-08T21:19:23","guid":{"rendered":"http:\/\/diariodominicano.com\/?p=438400"},"modified":"2023-05-08T17:25:05","modified_gmt":"2023-05-08T21:25:05","slug":"informan-fiscales-reforzaran-combate-contra-el-comercio-ilicito-en-todo-el-pais","status":"publish","type":"post","link":"https:\/\/diariodominicano.com\/?p=438400","title":{"rendered":"Informan fiscales reforzar\u00e1n combate contra el comercio il\u00edcito en todo el pa\u00eds"},"content":{"rendered":"\n<p>La Procuradora General Miriam Germ\u00e1n encabez\u00f3 reuni\u00f3n.<\/p>\n\n\n\n<p><em><u>El Consejo Interinstitucional P\u00fablico-Privado de Prevenci\u00f3n del Comercio Il\u00edcito que preside la Procuradora General de la Rep\u00fablica, realiza las coordinaciones de lugar<\/u><\/em><\/p>\n\n\n\n<figure class=\"wp-block-image size-large\"><img loading=\"lazy\" decoding=\"async\" width=\"1024\" height=\"682\" src=\"https:\/\/diariodominicano.com\/wp-content\/uploads\/2023\/05\/2023-05-08-Reunion-PGR-y-otras-instituciones-Estatales-y-sector-privado_-6-1024x682.jpg\" alt=\"\" class=\"wp-image-438404\" srcset=\"https:\/\/diariodominicano.com\/wp-content\/uploads\/2023\/05\/2023-05-08-Reunion-PGR-y-otras-instituciones-Estatales-y-sector-privado_-6-1024x682.jpg 1024w, https:\/\/diariodominicano.com\/wp-content\/uploads\/2023\/05\/2023-05-08-Reunion-PGR-y-otras-instituciones-Estatales-y-sector-privado_-6-300x200.jpg 300w, https:\/\/diariodominicano.com\/wp-content\/uploads\/2023\/05\/2023-05-08-Reunion-PGR-y-otras-instituciones-Estatales-y-sector-privado_-6-768x512.jpg 768w, https:\/\/diariodominicano.com\/wp-content\/uploads\/2023\/05\/2023-05-08-Reunion-PGR-y-otras-instituciones-Estatales-y-sector-privado_-6-1536x1024.jpg 1536w, https:\/\/diariodominicano.com\/wp-content\/uploads\/2023\/05\/2023-05-08-Reunion-PGR-y-otras-instituciones-Estatales-y-sector-privado_-6-816x544.jpg 816w, https:\/\/diariodominicano.com\/wp-content\/uploads\/2023\/05\/2023-05-08-Reunion-PGR-y-otras-instituciones-Estatales-y-sector-privado_-6.jpg 2000w\" sizes=\"auto, (max-width: 1024px) 100vw, 1024px\" \/><\/figure>\n\n\n\n<p>SANTO DOMINGO (Rep\u00fablica Dominicana).- Unos 36 fiscales de diferentes jurisdicciones a nivel nacional se integrar\u00e1n al combate de las diferentes formas del comercio il\u00edcito en todo el pa\u00eds.<\/p>\n\n\n\n<p>El tema fue abordado este lunes durante la tercera reuni\u00f3n del Consejo&nbsp;Interinstitucional P\u00fablico Privado de Prevenci\u00f3n del Comercio Il\u00edcito, que estuvo encabezada por la procuradora general de la Rep\u00fablica, magistrada Miriam Germ\u00e1n Brito, quien lo preside; el ministro de Industria, Comercio y Mypimes, V\u00edctor Bison\u00f3, quien funge como secretario general del consejo, y la coordinadora de la Unidad de Propiedad Intelectual del Ministerio P\u00fablico, procuradora adjunta Army Ferreira, quien ha sido designada como representante de la Procuradora General ante este Consejo, en sustituci\u00f3n del procurador adjunto Pedro Amador.<\/p>\n\n\n\n<figure class=\"wp-block-image size-large\"><img loading=\"lazy\" decoding=\"async\" width=\"1024\" height=\"682\" src=\"https:\/\/diariodominicano.com\/wp-content\/uploads\/2023\/05\/2023-05-08-Reunion-PGR-y-otras-instituciones-Estatales-y-sector-privado_-3-1024x682.jpg\" alt=\"\" class=\"wp-image-438408\" srcset=\"https:\/\/diariodominicano.com\/wp-content\/uploads\/2023\/05\/2023-05-08-Reunion-PGR-y-otras-instituciones-Estatales-y-sector-privado_-3-1024x682.jpg 1024w, https:\/\/diariodominicano.com\/wp-content\/uploads\/2023\/05\/2023-05-08-Reunion-PGR-y-otras-instituciones-Estatales-y-sector-privado_-3-300x200.jpg 300w, https:\/\/diariodominicano.com\/wp-content\/uploads\/2023\/05\/2023-05-08-Reunion-PGR-y-otras-instituciones-Estatales-y-sector-privado_-3-768x512.jpg 768w, https:\/\/diariodominicano.com\/wp-content\/uploads\/2023\/05\/2023-05-08-Reunion-PGR-y-otras-instituciones-Estatales-y-sector-privado_-3-1536x1024.jpg 1536w, https:\/\/diariodominicano.com\/wp-content\/uploads\/2023\/05\/2023-05-08-Reunion-PGR-y-otras-instituciones-Estatales-y-sector-privado_-3-816x544.jpg 816w, https:\/\/diariodominicano.com\/wp-content\/uploads\/2023\/05\/2023-05-08-Reunion-PGR-y-otras-instituciones-Estatales-y-sector-privado_-3.jpg 2000w\" sizes=\"auto, (max-width: 1024px) 100vw, 1024px\" \/><figcaption>Army Ferreira<\/figcaption><\/figure>\n\n\n\n<p>Durante el encuentro, Ferreira destac\u00f3: \u201cel comercio il\u00edcito est\u00e1 estrechamente relacionado con lo que hemos venido desarrollando en estos dos a\u00f1os, pues el n\u00facleo duro de esta materia est\u00e1 conformado en gran medida por la propiedad intelectual y asumimos este tema con el mismo compromiso de trazar un canal de comunicaci\u00f3n y coordinaci\u00f3n con las agencias del Estado que trabajan el tema, as\u00ed como con el sector privado, porque todos trabajamos con el mismo fin de garantizar la salud de los ciudadanos y el fortalecimiento del comercio en nuestro pa\u00eds\u201d.<\/p>\n\n\n\n<p>Explic\u00f3 que en materia de Propiedad Intelectual el Ministerio P\u00fablico cuenta con una red de 36 fiscales en todo el pa\u00eds, uno en cada distrito judicial, los cuales pasar\u00e1n a trabajar contra el comercio il\u00edcito en cada provincia para fortalecer la judicializaci\u00f3n de esos casos.<\/p>\n\n\n\n<figure class=\"wp-block-image size-large\"><img loading=\"lazy\" decoding=\"async\" width=\"1024\" height=\"682\" src=\"https:\/\/diariodominicano.com\/wp-content\/uploads\/2023\/05\/2023-05-08-Reunion-PGR-y-otras-instituciones-Estatales-y-sector-privado_-1-1-1024x682.jpg\" alt=\"\" class=\"wp-image-438411\" srcset=\"https:\/\/diariodominicano.com\/wp-content\/uploads\/2023\/05\/2023-05-08-Reunion-PGR-y-otras-instituciones-Estatales-y-sector-privado_-1-1-1024x682.jpg 1024w, https:\/\/diariodominicano.com\/wp-content\/uploads\/2023\/05\/2023-05-08-Reunion-PGR-y-otras-instituciones-Estatales-y-sector-privado_-1-1-300x200.jpg 300w, https:\/\/diariodominicano.com\/wp-content\/uploads\/2023\/05\/2023-05-08-Reunion-PGR-y-otras-instituciones-Estatales-y-sector-privado_-1-1-768x512.jpg 768w, https:\/\/diariodominicano.com\/wp-content\/uploads\/2023\/05\/2023-05-08-Reunion-PGR-y-otras-instituciones-Estatales-y-sector-privado_-1-1-1536x1024.jpg 1536w, https:\/\/diariodominicano.com\/wp-content\/uploads\/2023\/05\/2023-05-08-Reunion-PGR-y-otras-instituciones-Estatales-y-sector-privado_-1-1-816x544.jpg 816w, https:\/\/diariodominicano.com\/wp-content\/uploads\/2023\/05\/2023-05-08-Reunion-PGR-y-otras-instituciones-Estatales-y-sector-privado_-1-1.jpg 2000w\" sizes=\"auto, (max-width: 1024px) 100vw, 1024px\" \/><\/figure>\n\n\n\n<p>El ministro  Bison\u00f3 destac\u00f3 la aplicaci\u00f3n de la Ley 17-19 contra el Comercio Il\u00edcito, al tiempo de destacar \u201cestamos institucionalizando el combate al mercado il\u00edcito\u201d.<\/p>\n\n\n\n<p>En el encuentro de trabajo, que tuvo lugar en el Despacho de la Procuradora General de la Rep\u00fablica, en el Centro de los H\u00e9roes, Distrito Nacional, adem\u00e1s de las representantes del Ministerio P\u00fablico e Industria y Comercio, participaron tambi\u00e9n los dem\u00e1s integrantes del consejo, entre ellos el Ministerio de Salud P\u00fablica, la Direcci\u00f3n General de Impuestos Internos, DGII, ProConsumidor, el Instituto Dominicano para la Calidad, INDOCAL, Direcci\u00f3n General de Aduanas, DGA, la Asociaci\u00f3n de Industrias de la Rep\u00fablica Dominicana, AIRD, &nbsp;la&nbsp;Asociaci\u00f3n Dominicana de la Industria del Tabaco y el Cigarrillo (Asocigar), la &nbsp;Asociaci\u00f3n Dominicana de Productores de Cigarros (ProCigar), la Asociaci\u00f3n Dominicana de Fabricantes de Cerveza (ADOFACE), el Presidente de la Asociaci\u00f3n Dominicana de Productores de Ron (ADOPRON),&nbsp;Representantes Importadores de Vinos y Licores (RIVLAS), el Presidente de la Sociedad de Empresas de Combustibles y Derivados (SEC), el&nbsp;Presidente de la Asociaci\u00f3n Dominicana de Empresas de la Industria del Combustible (ADEIC), el Presidente de la &nbsp;Asociaci\u00f3n de Representantes, Agentes y Productores Farmac\u00e9uticos (ARAPF), el Presidente de la Asociaci\u00f3n de Industrias Farmac\u00e9uticas Dominicanas (INFADOMI), el Presidente de la &nbsp;Asociaci\u00f3n de Industrias de la Rep\u00fablica Dominicana, Inc. (AIRD), el Director Departamento Nacional de Investigaciones; el Director de la Polic\u00eda Nacional, el Ministro de Defensa, el Director Cuerpo Especializado de Control de Combustibles (CECCOM) y el Comandante General del Ej\u00e9rcito de la Rep\u00fablica Dominicana.<\/p>\n\n\n\n<p>Durante la jornada de trabajo fueron revisados los informes de actuaci\u00f3n del consejo correspondientes al a\u00f1o 2022, adem\u00e1s de que se conocieron informes del Ministerio de Salud P\u00fablica, del Cuerpo Especializado de Control de Combustibles (CECCOM), el Instituto Nacional de los Derechos del Consumidor (ProConsumidor), la Direcci\u00f3n General de Impuestos Internos (DGII) y la Direcci\u00f3n General de Aduanas.<\/p>\n\n\n\n<p>Igualmente, se aprobaron los protocolos (hojas de ruta para los temas de decomiso, destrucci\u00f3n y judicializaci\u00f3n) aplicables a casos de il\u00edcitos de alcoholes, cigarrillos y medicamentos.<\/p>\n\n\n\n<p>El doctor Francisco Araujo, director del Departamento de Vigilancia Sanitaria del Ministerio de Salud P\u00fablica, que trabaja con los temas de medicamentos y productos sanitarios y farmac\u00e9uticos, alimentos, bebidas y todos los il\u00edcitos de esa categor\u00eda, resalt\u00f3 el trabajo llevado a cabo en los dos \u00faltimos a\u00f1os.&nbsp;Araujo detall\u00f3 que juntamente con el CECCOM, Industria y Comercio y con el apoyo de los fiscales de la Procuradur\u00eda Especializada de Cr\u00edmenes y Delitos contra la Salud han realizado en los dos \u00faltimos a\u00f1os operativos con inspecciones, monitoreo y allanamientos autorizados por jueces competentes.<\/p>\n\n\n\n<p>\u201cEs importante resaltar que no hemos tenido muertes por casos de alcohol adulterado en los \u00faltimos dos a\u00f1os\u201d, subray\u00f3 al dar a conocer el informe de Salud P\u00fablica e indic\u00f3 que han realizado operativos preventivos en Semana Santa y Navidad, que tienen una duraci\u00f3n aproximada de seis semanas, durante los cuales han visitado diferentes puntos del pa\u00eds.<\/p>\n\n\n\n<p>Este consejo se cre\u00f3 en virtud del Art. 10 de la Ley No. 17-19 sobre la Erradicaci\u00f3n del Comercio Il\u00edcito, Contrabando y Falsificaci\u00f3n de Productos Regulados, del 28 de febrero de 2019.<\/p>\n\n\n\n<p>Comunicaciones PGR<a target=\"_blank\" href=\"mailto:comunicaciones@pgr.gob.do\" rel=\"noreferrer noopener\">comunicaciones@pgr.gob.do<\/a><\/p>\n\n\n\n<p><strong>Direcci\u00f3n General de Comunicaci\u00f3n, Prensa, y RRPP<\/strong><\/p>\n\n\n\n<p>Ministerio P\u00fablico.&nbsp;R.D.<\/p>\n\n\n\n<p>Lunes, &nbsp;8 de mayo de 2023.<\/p>\n","protected":false},"excerpt":{"rendered":"<p>La Procuradora General Miriam Germ\u00e1n encabez\u00f3 reuni\u00f3n. El Consejo Interinstitucional P\u00fablico-Privado de Prevenci\u00f3n del Comercio Il\u00edcito que preside la Procuradora General de la Rep\u00fablica, realiza las coordinaciones de lugar SANTO DOMINGO (Rep\u00fablica Dominicana).- Unos 36 fiscales de diferentes jurisdicciones a nivel nacional se integrar\u00e1n al combate de las diferentes formas del comercio il\u00edcito en todo [&hellip;]<\/p>\n","protected":false},"author":28,"featured_media":438401,"comment_status":"closed","ping_status":"","sticky":true,"template":"","format":"standard","meta":{"footnotes":""},"categories":[24,29,27],"tags":[],"class_list":["post-438400","post","type-post","status-publish","format-standard","has-post-thumbnail","hentry","category-justicia-y-derecho","category-policiasucesos","category-portada"],"_links":{"self":[{"href":"https:\/\/diariodominicano.com\/index.php?rest_route=\/wp\/v2\/posts\/438400","targetHints":{"allow":["GET"]}}],"collection":[{"href":"https:\/\/diariodominicano.com\/index.php?rest_route=\/wp\/v2\/posts"}],"about":[{"href":"https:\/\/diariodominicano.com\/index.php?rest_route=\/wp\/v2\/types\/post"}],"author":[{"embeddable":true,"href":"https:\/\/diariodominicano.com\/index.php?rest_route=\/wp\/v2\/users\/28"}],"replies":[{"embeddable":true,"href":"https:\/\/diariodominicano.com\/index.php?rest_route=%2Fwp%2Fv2%2Fcomments&post=438400"}],"version-history":[{"count":7,"href":"https:\/\/diariodominicano.com\/index.php?rest_route=\/wp\/v2\/posts\/438400\/revisions"}],"predecessor-version":[{"id":438412,"href":"https:\/\/diariodominicano.com\/index.php?rest_route=\/wp\/v2\/posts\/438400\/revisions\/438412"}],"wp:featuredmedia":[{"embeddable":true,"href":"https:\/\/diariodominicano.com\/index.php?rest_route=\/wp\/v2\/media\/438401"}],"wp:attachment":[{"href":"https:\/\/diariodominicano.com\/index.php?rest_route=%2Fwp%2Fv2%2Fmedia&parent=438400"}],"wp:term":[{"taxonomy":"category","embeddable":true,"href":"https:\/\/diariodominicano.com\/index.php?rest_route=%2Fwp%2Fv2%2Fcategories&post=438400"},{"taxonomy":"post_tag","embeddable":true,"href":"https:\/\/diariodominicano.com\/index.php?rest_route=%2Fwp%2Fv2%2Ftags&post=438400"}],"curies":[{"name":"wp","href":"https:\/\/api.w.org\/{rel}","templated":true}]}}