{"id":43825,"date":"2020-09-21T12:10:37","date_gmt":"2020-09-21T12:10:37","guid":{"rendered":"http:\/\/diariodominicano.ddns.net\/?p=43825"},"modified":"2020-09-21T12:10:37","modified_gmt":"2020-09-21T12:10:37","slug":"se-perfilan-las-posiciones-partidarias","status":"publish","type":"post","link":"https:\/\/diariodominicano.com\/?p=43825","title":{"rendered":"SE PERFILAN LAS&#13; POSICIONES PARTIDARIAS&#13;"},"content":{"rendered":"<p><body><\/p>\n<p><strong>SE PERFILAN LAS<\/strong><\/p>\n<p><strong> POSICIONES PARTIDARIAS<\/strong><\/p>\n<p><strong> <\/strong><\/p>\n<p><strong>FRANKLIN ALMEYDA RANCIER<\/strong><\/p>\n<p><strong> <\/strong><\/p>\n<p>Se asoma gradualmente el perfil que van tomando las principales organizaciones pol\u00edticas, a partir de la instalaci\u00f3n en el Poder del PRM y del desplazamiento ruidoso del danilismo. <\/p>\n<\/p>\n<p>Los nuevos inquilinos en el Palacio Nacional no tardan ya en darse cuenta de la diferencia entre hacer oposici\u00f3n y gobernar. Al glamour del poder, lo va arropando la demanda burocr\u00e1tica cotidiania, la cual aparta de las pol\u00edticas estrat\u00e9gicas de Estado. <\/p>\n<\/p>\n<p>Agr\u00e9guele que las personas que no han tenido una experiencia directa de Estado, entran en agobios porque no se percatan de que gobernar es arbitrar y ser transparente en el manejo de los intereses de todos los gobernados.<\/p>\n<\/p>\n<p>En pa\u00edses como el nuestro, con d\u00e9bil cohesi\u00f3n social, poco arraigo y en lento proceso de fortaleza institucional, predominan m\u00e1s las relaciones primarias; aquello de un amigo en un puesto que haga un favor y no hacer valer un derecho.<\/p>\n<\/p>\n<p>Se nota que a los amigos del PRM se le suma la poca articulaci\u00f3n y organizaci\u00f3n partidaria; han ido al poder experimentando fuertes contradicciones internas que les atras\u00f3 para prepararse debidamente.<\/p>\n<\/p>\n<p>De su parte, el otro partido que ha salido del Poder, acaba de recibir reprimendas por el fracaso, siendo ese resultado obra del mismo que hace la reprimenda. Obviamente, lo hace para decirles que el que quiera irse que se vaya, pero que \u00e9l se queda con la c\u00fapula, su Comit\u00e9 Pol\u00edtico, bajo el supuesto de que los partidos son los que son sus dirigentes.<\/p>\n<\/p>\n<p>Comparto la opini\u00f3n de Roberto Rosario de que el audio conocido de Danilo Medina, lo puso a circular su propio equipo estrategico para lograr divulgar aquello de que se queda \u00e9l de lider, se acompa\u00f1a por la c\u00fapula, el que quiera irse que se vaya y que va a defenderse atacando con temeridad (y esto perfila el tipo de oposici\u00f3n); por tanto har\u00e1 oposici\u00f3n da\u00f1ina. Claro, dijo otras cosas que en un pa\u00eds institucionalizado y con respeto a las normas acarrean procesamiento judicial.<\/p>\n<\/p>\n<p>Como Danilo nunca fue un estratega (pero vend\u00eda que lo era, al saberlo  que no, trajo a Joao Santana) entendi\u00f3 mal hechos anteriores. Por ejemplo, en 1978 el PLD dirigido por el profesor  Bosch inici\u00f3 un plan estrat\u00e9gico de crecimiento participando en elecciones; ese a\u00f1o obtuvo un bajo porcentaje, hasta llegar a perder el reconocimiento legal. Un n\u00famero importante de dirigentes, relacionados con \u00e9l, no entendieron c\u00f3mo perder con un buen l\u00edder e hicieron una crisis. La estrategia no era ganar, era crecer y se creci\u00f3.<\/p>\n<\/p>\n<p>Esa estrategia fue liderada por Bosch para crecer, pero Danilo cree que con retener el nombre y los s\u00edmbolos del PLD puede \u00e9l liderar una fuerza pol\u00edtica para confrontar, se olvida que tiene los pies de barro. Al PLD le va ocurriendo lo del PRD, cay\u00f3 en una \u00abpendiente enjabonada\u00bb, el cual ha terminado reducido y dirigido por un \u00abempresario de la pol\u00edtica\u00bb.<\/p>\n<\/p>\n<p>La Fuerza del Pueblo, en cambio, con una oposici\u00f3n responsable y critica, se perfila como un partido para los tiempos de la inteligencia colectiva e inteligencia artificial; es la conjugaci\u00f3n de la inteligencia humana con su m\u00e1s importante y reciente creaci\u00f3n, la revoluci\u00f3n digital, tecnol\u00f3gica y del conocimiento. Montado en esa revoluci\u00f3n se celebra su \u00abPrimer Congreso del Pueblo Profesor Juan Bosch\u00bb y se va desarrollando indeteniblemente.<\/p>\n<\/p>\n<\/p>\n<\/p>\n<\/p>\n<\/p>\n<\/p>\n<h6> 2020-09-21 12:10:37 <\/h6>\n<p><!--\n<link rel=\"stylesheet\" href=\"css\/bootstrap.min.css\">\n\n\n<ul class=\"pagination\">\n\t    \n\t\n\n<li >\n\t<a href='?page_no=66'>Previous<\/a>\n\t<\/li>\n\n\n       \n    \n\n<li><a href='?page_no=1'>1<\/a><\/li>\n\n\n\n<li><a href='?page_no=2'>2<\/a><\/li>\n\n\n\n<li><a>...<\/a><\/li>\n\n\n\n<li><a href='?page_no=65'>65<\/a><\/li>\n\n\n\n<li><a href='?page_no=66'>66<\/a><\/li>\n\n\n\n<li class='active'><a>67<\/a><\/li>\n\n\n\n<li><a href='?page_no=68'>68<\/a><\/li>\n\n\n\n<li><a href='?page_no=69'>69<\/a><\/li>\n\n\n\n<li><a>...<\/a><\/li>\n\n\n\n<li><a href='?page_no=13611'>13611<\/a><\/li>\n\n\n\n<li><a href='?page_no=13612'>13612<\/a><\/li>\n\n    \n\t\n\n<li >\n\t<a href='?page_no=68'>Next<\/a>\n\t<\/li>\n\n\n    \n\n<li><a href='?page_no=13612'>Last &rsaquo;&rsaquo;<\/a><\/li>\n\n<\/ul>\n\n\n--><br \/>\n<\/body><\/p>\n","protected":false},"excerpt":{"rendered":"<p>SE PERFILAN LAS POSICIONES PARTIDARIAS FRANKLIN ALMEYDA RANCIER Se asoma gradualmente el perfil que van tomando las principales organizaciones pol\u00edticas, a partir de la instalaci\u00f3n en el Poder del PRM y del desplazamiento ruidoso del danilismo. Los nuevos inquilinos en el Palacio Nacional no tardan ya en darse cuenta de la diferencia entre hacer oposici\u00f3n [&hellip;]<\/p>\n","protected":false},"author":3,"featured_media":0,"comment_status":"open","ping_status":"open","sticky":false,"template":"","format":"standard","meta":{"footnotes":""},"categories":[16],"tags":[],"class_list":["post-43825","post","type-post","status-publish","format-standard","hentry","category-opiniones"],"_links":{"self":[{"href":"https:\/\/diariodominicano.com\/index.php?rest_route=\/wp\/v2\/posts\/43825","targetHints":{"allow":["GET"]}}],"collection":[{"href":"https:\/\/diariodominicano.com\/index.php?rest_route=\/wp\/v2\/posts"}],"about":[{"href":"https:\/\/diariodominicano.com\/index.php?rest_route=\/wp\/v2\/types\/post"}],"author":[{"embeddable":true,"href":"https:\/\/diariodominicano.com\/index.php?rest_route=\/wp\/v2\/users\/3"}],"replies":[{"embeddable":true,"href":"https:\/\/diariodominicano.com\/index.php?rest_route=%2Fwp%2Fv2%2Fcomments&post=43825"}],"version-history":[{"count":0,"href":"https:\/\/diariodominicano.com\/index.php?rest_route=\/wp\/v2\/posts\/43825\/revisions"}],"wp:attachment":[{"href":"https:\/\/diariodominicano.com\/index.php?rest_route=%2Fwp%2Fv2%2Fmedia&parent=43825"}],"wp:term":[{"taxonomy":"category","embeddable":true,"href":"https:\/\/diariodominicano.com\/index.php?rest_route=%2Fwp%2Fv2%2Fcategories&post=43825"},{"taxonomy":"post_tag","embeddable":true,"href":"https:\/\/diariodominicano.com\/index.php?rest_route=%2Fwp%2Fv2%2Ftags&post=43825"}],"curies":[{"name":"wp","href":"https:\/\/api.w.org\/{rel}","templated":true}]}}