{"id":438232,"date":"2023-05-07T23:02:07","date_gmt":"2023-05-08T03:02:07","guid":{"rendered":"http:\/\/diariodominicano.com\/?p=438232"},"modified":"2023-05-07T23:02:07","modified_gmt":"2023-05-08T03:02:07","slug":"cebamder-afirma-respuestas-mediaticas-no-son-suficientes-para-abordar-la-problematica-de-seguridad-transfronteriza-en-manzanillo","status":"publish","type":"post","link":"https:\/\/diariodominicano.com\/?p=438232","title":{"rendered":"CEBAMDER afirma: \u00a0respuestas medi\u00e1ticas no son suficientes para abordar la problem\u00e1tica de seguridad transfronteriza en Manzanillo"},"content":{"rendered":"\n<p>Coronel Montero se dirige a los representativos de Manzanillo.<\/p>\n\n\n\n<p>&nbsp;&nbsp;<strong>Establecer una supervisor\u00eda policial en Manzanillo ,&nbsp;ampliar los miembros del ej\u00e9rcito nacional en el corredor Cuartel de Masacres hasta la desembocadura del r\u00edo, eliminar el cobro de peaje que realizan gunos miembros del ej\u00e9rcito ,&nbsp;c\u00e1maras de seguridad en los principales puntos estrat\u00e9gicos de Manzanillo y&nbsp;comandantes migratorios actuando, es la estretegias&nbsp;para la seguridad transfronteriza e Manzanillo-<\/strong><\/p>\n\n\n\n<p><strong>Manzanillo, Montecristi.<\/strong>&nbsp;&#8211; El Centro Bah\u00eda de Manzanillo para el Desarrollo Regional (CEBAMDER) asegur\u00f3 que las respuestas medi\u00e1ticas no son suficiente para abordar la problem\u00e1tica de seguridad transfronteriza en Manzanillo por lo que las autoridades del gobierno dominicano deben implementar una estrategia de seguridad transfronteriza integral que aborde la complejidad de la situaci\u00f3n y permita proteger a la comunidad.<\/p>\n\n\n\n<figure class=\"wp-block-embed is-type-video is-provider-youtube wp-block-embed-youtube wp-embed-aspect-16-9 wp-has-aspect-ratio\"><div class=\"wp-block-embed__wrapper\">\n<iframe loading=\"lazy\" title=\"Jefe  PN en Montecristi revela: Mi superiores desconocian que en  Manzanillo habian 2 polic\u00edas\" width=\"616\" height=\"347\" src=\"https:\/\/www.youtube.com\/embed\/vKXq9oqfbBM?feature=oembed\" frameborder=\"0\" allow=\"accelerometer; autoplay; clipboard-write; encrypted-media; gyroscope; picture-in-picture; web-share\" referrerpolicy=\"strict-origin-when-cross-origin\" allowfullscreen><\/iframe>\n<\/div><\/figure>\n\n\n\n<p>Frank Valenzuela, presidente de la organizaci\u00f3n no gubernamental, destac\u00f3 que frente a las denuncias de la escalada de robos que ha estado ocurriendo en Manzanillo, el Ej\u00e9rcito Nacional emiti\u00f3 una declaraci\u00f3n a los medios nacionales en la que destacaba que \u00abLa Comandancia del Ej\u00e9rcito de Rep\u00fablica Dominicana anunci\u00f3 el reforzamiento de la seguridad en el municipio de Pepillo Salcedo de esta provincia, con el env\u00edo de m\u00e1s tropas \u201cpara enfrentar bandas haitianas que operan en Fort Libert\u00e9 Hait\u00ed\u00bb.<\/p>\n\n\n\n<p>El presidente del Centro CEBAMDER se\u00f1al\u00f3 que el alivio y tranquilidad que Manzanillo sinti\u00f3 tras las declaraciones de las autoridades sobre el reforzamiento de la seguridad, se desvaneci\u00f3 al descubrir que solo se trataba de medidas medi\u00e1ticas para apagar el fuego. En vez de abordar el problema de la inseguridad transfronteriza integralmente, se est\u00e1 movilizando a miembros del ej\u00e9rcito que se encuentran en Mao y Dajab\u00f3n, lo que refleja que la \u00fanica preocupaci\u00f3n es poner un parche al problema.<\/p>\n\n\n\n<p>Ante tal situaci\u00f3n, la comunidad de Manzanillo ha tenido que buscar respuestas desde la propia comunidad y ha organizado voluntarios que realizan jornadas de vigilancia nocturnas.&nbsp;Los Trinitarios es un grupo de voluntarios que act\u00faan en toda la comunidad, asegurando que Manzanillo no puede seguir permitiendo el crecimiento de la inseguridad ciudadana que actualmente vive. En ese sentido, ya han logrado atrapar a m\u00e1s de 13 ciudadanos haitianos en plena acci\u00f3n delictiva gracias a las jornadas de vigilancia nocturnas que realizan.<\/p>\n\n\n\n<figure class=\"wp-block-image size-large\"><img loading=\"lazy\" decoding=\"async\" width=\"1024\" height=\"576\" src=\"https:\/\/diariodominicano.com\/wp-content\/uploads\/2023\/05\/New-Picture-8-1024x576.png\" alt=\"\" class=\"wp-image-438234\" srcset=\"https:\/\/diariodominicano.com\/wp-content\/uploads\/2023\/05\/New-Picture-8-1024x576.png 1024w, https:\/\/diariodominicano.com\/wp-content\/uploads\/2023\/05\/New-Picture-8-300x169.png 300w, https:\/\/diariodominicano.com\/wp-content\/uploads\/2023\/05\/New-Picture-8-768x432.png 768w, https:\/\/diariodominicano.com\/wp-content\/uploads\/2023\/05\/New-Picture-8-1536x864.png 1536w, https:\/\/diariodominicano.com\/wp-content\/uploads\/2023\/05\/New-Picture-8-816x459.png 816w, https:\/\/diariodominicano.com\/wp-content\/uploads\/2023\/05\/New-Picture-8.png 2048w\" sizes=\"auto, (max-width: 1024px) 100vw, 1024px\" \/><\/figure>\n\n\n\n<p>Asegur\u00f3 que el accionar de los miembros del ej\u00e9rcito y la polic\u00eda en Manzanillo en el transcurso de esta semana que finaliza es una muestra palpable de que, con una estrategia de seguridad transfronteriza integral y una acci\u00f3n decidida, es posible combatir la delincuencia de las &nbsp;bandas haitianas. Las patrullas nocturnas, el refuerzo de puntos cr\u00edticos y la detenci\u00f3n de presuntos delincuentes claves en la comunidad son ejemplos de c\u00f3mo se puede enfrentar y resolver el problema de la inseguridad en la zona.<\/p>\n\n\n\n<p>Valenzuela expres\u00f3 que lamentablemente esa respuesta tiene un car\u00e1cter eminentemente medi\u00e1tica, ya que en un encuentro realizado por la Federaci\u00f3n de Juntas de Vecinos del Municipio de Pepillo Salcedo, el nuevo comandante del departamento en la provincia Montecristi, el Coronel Di\u00f3genes Montero Guerrero, destac\u00f3 que \u00abyo lo mand\u00e9 a que amanecieran, a este coronel, oye un coronel, un mayor, que eran lo que cuidaban el pueblo de Montecristi, deja el pueblo solo, que yo me quedo solo all\u00e1, vete que ellos te necesitan all\u00e1\u00bb.<\/p>\n\n\n\n<p>El coronel Montero agreg\u00f3, \u00abLe repito, llegando ayer y tratando de hacer las cosas con amor. Pero por m\u00e1s amor que yo quiera, si yo no tengo las herramientas no estoy en nada, comprendan mis amigos, compr\u00e9ndame, si no tengo las herramientas, no estoy en nada, se\u00f1ores\u00bb.<\/p>\n\n\n\n<p>Valenzuela destac\u00f3 que a ese encuentro ni siquiera asisti\u00f3 el comandante del D\u00e9cimo Batall\u00f3n del Ej\u00e9rcito, coronel Domingo Cruz Sosa, a pesar de haber sido invitado.<\/p>\n\n\n\n<p>Asegur\u00f3 que es m\u00e1s preocupante para la comunidad de Manzanillo que los superiores del jefe de la polic\u00eda en Manzanillo \u00abdesconoc\u00edan que en Manzanillo hab\u00eda dos polic\u00edas en el destacamento\u00bb, a pesar de que, seg\u00fan el propio comandante de la polic\u00eda en Montecristi, \u00aben Manzanillo hay gente buena, es un pueblo tur\u00edstico, un pueblo lindo, un pueblo tranquilo, que no podemos permitir que nadie pase por el rio masacre para venir a hacer que nuestras inversiones se vayan para otro lado por ello\u00bb.<\/p>\n\n\n\n<p>&nbsp;El Plan Maestro de Desarrollo de Manzanillo que se ha iniciado debe estar acompa\u00f1ado de una estrategia de seguridad transfronteriza. As\u00ed lo plantea Valenzuela, quien entiende que, en la coyuntura actual, esta es la mejor manera de enfrentar las problem\u00e1ticas que afectan a la comunidad.<\/p>\n\n\n\n<p>El presidente de la organizaci\u00f3n no gubernamental record\u00f3 que, en el mes de junio del a\u00f1o pasado, una comisi\u00f3n del Consejo de Desarrollo de Pepillo Salcedo entreg\u00f3 una agenda de temas cr\u00edticos que impactan negativamente en Manzanillo al presidente de la Rep\u00fablica. En ese encuentro participaron el ministro Administrativo de la Presidencia, Jos\u00e9 Ignacio Paliza, y el ministro de la Presidencia, Joel Santos Echavarr\u00eda. Esta iniciativa busca soluciones integrales para el Municipio.<\/p>\n\n\n\n<p>Dentro de esa agenda, se consigna la necesidad de establecer una supervisor\u00eda policial en Manzanillo, que permita enfrentar la situaci\u00f3n que se ven\u00eda venir y que en este momento comienza a impactar y evidenciarse. De esta manera, se busca garantizar la seguridad y la tranquilidad de los habitantes de la comunidad.<\/p>\n\n\n\n<p>Para el Centro Bah\u00eda de Manzanillo para el Desarrollo Regional (CEBAMDER), es fundamental ampliar los miembros del ej\u00e9rcito nacional en el corredor Cuartel de Masacres hasta la desembocadura del r\u00edo. Asimismo, se hace necesario eliminar el cobro de peaje que realizan algunos miembros del ej\u00e9rcito para evitar el ingreso irregular de personas, sobre todo miembros de peligrosas bandas haitianas que se desplazan hacia Manzanillo o penetran solo para realizar actos de delincuencia.<\/p>\n\n\n\n<p>La implementaci\u00f3n de c\u00e1maras de seguridad en los principales puntos estrat\u00e9gicos de Manzanillo es una medida necesaria que permitir\u00e1 detectar qui\u00e9n entra y qui\u00e9n sale de la comunidad. Esta iniciativa se establecer\u00eda a trav\u00e9s del Sistema 911 y es fundamental para garantizar la seguridad de la poblaci\u00f3n.<\/p>\n\n\n\n<p>Igualmente, se hace necesario dentro de esa estrategia asumir las palabras del nuevo comandante de la polic\u00eda de la provincia Montecristi, quien destac\u00f3 que \u00abTenemos tambi\u00e9n unos comandantes migratorios que nosotros ayudamos, pero ellos son los encargados de eso, que tienen que estar aqu\u00ed sentados con ustedes tambi\u00e9n, as\u00ed como estamos nosotros, entonces la pr\u00f3xima vez tambi\u00e9n tiene que estar sentado aqu\u00ed, para que escuchen esto porque no hace nada con solo decirnos a nosotros.<\/p>\n\n\n\n<p>Que en la Masacre tambi\u00e9n debe haber personas id\u00f3neas tambi\u00e9n para que no entren personas que no deben de entrar, que entran con la mano vac\u00eda y salen con la mano llena y nadie les pregunta.\u00bb<\/p>\n\n\n\n<figure class=\"wp-block-embed is-type-video is-provider-youtube wp-block-embed-youtube wp-embed-aspect-16-9 wp-has-aspect-ratio\"><div class=\"wp-block-embed__wrapper\">\n<iframe loading=\"lazy\" title=\"Jefe  PN en Montecristi revela: Mi superiores desconocian que en  Manzanillo habian 2 polic\u00edas\" width=\"616\" height=\"347\" src=\"https:\/\/www.youtube.com\/embed\/vKXq9oqfbBM?feature=oembed\" frameborder=\"0\" allow=\"accelerometer; autoplay; clipboard-write; encrypted-media; gyroscope; picture-in-picture; web-share\" referrerpolicy=\"strict-origin-when-cross-origin\" allowfullscreen><\/iframe>\n<\/div><\/figure>\n\n\n\n<p>Bahia Fronteriza<a target=\"_blank\" href=\"mailto:bahiafronteriza@gmail.com\" rel=\"noreferrer noopener\">bahiafronteriza@gmail.com<\/a><\/p>\n","protected":false},"excerpt":{"rendered":"<p>Coronel Montero se dirige a los representativos de Manzanillo. &nbsp;&nbsp;Establecer una supervisor\u00eda policial en Manzanillo ,&nbsp;ampliar los miembros del ej\u00e9rcito nacional en el corredor Cuartel de Masacres hasta la desembocadura del r\u00edo, eliminar el cobro de peaje que realizan gunos miembros del ej\u00e9rcito ,&nbsp;c\u00e1maras de seguridad en los principales puntos estrat\u00e9gicos de Manzanillo y&nbsp;comandantes migratorios [&hellip;]<\/p>\n","protected":false},"author":28,"featured_media":438233,"comment_status":"closed","ping_status":"","sticky":true,"template":"","format":"standard","meta":{"footnotes":""},"categories":[20,29,27],"tags":[],"class_list":["post-438232","post","type-post","status-publish","format-standard","has-post-thumbnail","hentry","category-dominicana-hoy","category-policiasucesos","category-portada"],"_links":{"self":[{"href":"https:\/\/diariodominicano.com\/index.php?rest_route=\/wp\/v2\/posts\/438232","targetHints":{"allow":["GET"]}}],"collection":[{"href":"https:\/\/diariodominicano.com\/index.php?rest_route=\/wp\/v2\/posts"}],"about":[{"href":"https:\/\/diariodominicano.com\/index.php?rest_route=\/wp\/v2\/types\/post"}],"author":[{"embeddable":true,"href":"https:\/\/diariodominicano.com\/index.php?rest_route=\/wp\/v2\/users\/28"}],"replies":[{"embeddable":true,"href":"https:\/\/diariodominicano.com\/index.php?rest_route=%2Fwp%2Fv2%2Fcomments&post=438232"}],"version-history":[{"count":1,"href":"https:\/\/diariodominicano.com\/index.php?rest_route=\/wp\/v2\/posts\/438232\/revisions"}],"predecessor-version":[{"id":438235,"href":"https:\/\/diariodominicano.com\/index.php?rest_route=\/wp\/v2\/posts\/438232\/revisions\/438235"}],"wp:featuredmedia":[{"embeddable":true,"href":"https:\/\/diariodominicano.com\/index.php?rest_route=\/wp\/v2\/media\/438233"}],"wp:attachment":[{"href":"https:\/\/diariodominicano.com\/index.php?rest_route=%2Fwp%2Fv2%2Fmedia&parent=438232"}],"wp:term":[{"taxonomy":"category","embeddable":true,"href":"https:\/\/diariodominicano.com\/index.php?rest_route=%2Fwp%2Fv2%2Fcategories&post=438232"},{"taxonomy":"post_tag","embeddable":true,"href":"https:\/\/diariodominicano.com\/index.php?rest_route=%2Fwp%2Fv2%2Ftags&post=438232"}],"curies":[{"name":"wp","href":"https:\/\/api.w.org\/{rel}","templated":true}]}}